{"id":28558,"date":"2026-09-02T13:59:19","date_gmt":"2026-09-02T11:59:19","guid":{"rendered":"https:\/\/elcafedepipa.com\/?p=28558"},"modified":"2026-09-02T13:59:33","modified_gmt":"2026-09-02T11:59:33","slug":"la-diputacio-de-castello-i-luji-commemoren-el-750-aniversari-de-la-mort-del-rei-jaume-i","status":"publish","type":"post","link":"https:\/\/elcafedepipa.com\/index.php\/2026\/09\/02\/la-diputacio-de-castello-i-luji-commemoren-el-750-aniversari-de-la-mort-del-rei-jaume-i\/","title":{"rendered":"La Diputaci\u00f3 de Castell\u00f3 i l&#8217;UJI commemoren el 750 aniversari de la mort del rei Jaume I"},"content":{"rendered":"\n<p class=\"wp-block-paragraph\">El diputat de Cultura, Alejandro Clausell, acompanyat per la vicerectora de Cultura, Comprom\u00eds Social i Igualtat de l&#8217;UJI, Raquel Agost, i Carles Rabassa, professor titular d&#8217;Hist\u00f2ria Medieval de la Universitat Jaume I, ha presentat este mat\u00ed el programa d&#8217;activitats que s&#8217;ha dissenyat per a commemorar el 750 aniversari de la mort del monarca i acostar la seua figura a la ciutadania.<\/p>\n\n\n\n<p class=\"wp-block-paragraph\">\u201cSet segles i mig despr\u00e9s de la seua mort, la seua figura continua formant part de la nostra mem\u00f2ria hist\u00f2rica i cultural, i creiem que una commemoraci\u00f3 com esta ha de servir no solament per a recordar una data, sin\u00f3 tamb\u00e9 per a con\u00e9ixer millor la nostra hist\u00f2ria, posar en valor el nostre patrimoni i acostar eixe coneixement a la ciutadania\u201d, ha destacat el diputat de Cultura.<\/p>\n\n\n\n<p class=\"wp-block-paragraph\">I eixe \u00e9s precisament l&#8217;esperit amb el qual la Diputaci\u00f3 de Castell\u00f3 i l&#8217;UJI han treballat conjuntament per a organitzar una programaci\u00f3 cultural i acad\u00e8mica que combina patrimoni i coneixement. D&#8217;una banda, el programa contempla una exposici\u00f3 dedicada a la cartografia hist\u00f2rica del Regne de Val\u00e8ncia i, d&#8217;altra banda, unes jornades d&#8217;estudi que permetran aprofundir en la figura de Jaume I, en la seua representaci\u00f3 hist\u00f2rica i en el seu llegat.<\/p>\n\n\n\n<p class=\"wp-block-paragraph\">\u201cDos activitats complement\u00e0ries que ens permeten acostar-nos a la figura de Jaume I i posar en valor el patrimoni hist\u00f2ric que conservem\u201d, ha assenyalat Clausell.<\/p>\n\n\n\n<p class=\"wp-block-paragraph\">Aix\u00ed doncs, la primera de les propostes \u00e9s l&#8217;exposici\u00f3 \u2018El rei que va crear un regne. Cartografia hist\u00f2rica del Regne de Val\u00e8ncia (segles XVI-XVIII)\u2019. Una mostra que, tal com ha explicat el diputat provincial, \u201cens proposa una cosa tan suggeridora com mirar la nostra hist\u00f2ria a trav\u00e9s dels mapes\u201d.<\/p>\n\n\n\n<p class=\"wp-block-paragraph\">\u201cPerqu\u00e8 un mapa no \u00e9s solament una representaci\u00f3 geogr\u00e0fica. Tamb\u00e9 ens parla de com s&#8217;entenia un territori, de com es delimitava, de com s&#8217;organitzava pol\u00edticament i de com era percebut i representat al llarg del temps\u201d, ha expressat.<\/p>\n\n\n\n<p class=\"wp-block-paragraph\">L&#8217;exposici\u00f3 reunix una selecci\u00f3 de mapes dels segles XVI, XVII i XVIII, amb autors tan destacats com Jeroni Mu\u00f1oz, Abraham Ortelius, Nicolas Sanson, Giacomo Cantelli o Tom\u00e1s L\u00f3pez, i permet rec\u00f3rrer l&#8217;evoluci\u00f3 de la representaci\u00f3 cartogr\u00e0fica del Regne de Val\u00e8ncia al llarg dels segles.<\/p>\n\n\n\n<p class=\"wp-block-paragraph\">Al respecte, Clausell ha enaltit el valor de les peces que es presenten, ja que formen part de la Col\u00b7lecci\u00f3 de Cartografia Hist\u00f2rica de la Corona d&#8217;Arag\u00f3 de la Biblioteca de la Universitat Jaume I. \u201cEstem, per tant, davant un patrimoni que es conserva en la nostra universitat i que ara es posa a la disposici\u00f3 de tota la societat\u201d, ha apuntat.<\/p>\n\n\n\n<p class=\"wp-block-paragraph\">En este sentit, Alejandro Clausell ha posat en valor la col\u00b7laboraci\u00f3 amb l&#8217;UJI per a aconseguir acostar el patrimoni que atresora la prov\u00edncia al conjunt de la ciutadania, i ha agra\u00eft als seus investigadors i a totes les persones que han treballat en la preparaci\u00f3 d&#8217;estes activitats, assenyalant que \u201cla seua implicaci\u00f3 ha sigut fonamental\u201d.<\/p>\n\n\n\n<p class=\"wp-block-paragraph\">La segona iniciativa que s&#8217;ha organitzat s\u00f3n les jornades d&#8217;estudi \u2019El rei Jaume I, representaci\u00f3 hist\u00f2rica i llegat en el 750 Aniversari de la seua mort\u2019, que se celebraran els dies 14 i 15 d&#8217;octubre en el Palau de la Diputaci\u00f3 de Castell\u00f3.<\/p>\n\n\n\n<p class=\"wp-block-paragraph\">Estes dos jornades comptaran amb especialistes que abordaran diferents aspectes de la figura de Jaume I: el seu paper com a fundador d&#8217;un regne medieval, la imatge que d&#8217;ell es va construir durant l&#8217;Edat mitjana i tamb\u00e9 l&#8217;evoluci\u00f3 de la seua figura i de la seua mem\u00f2ria hist\u00f2rica al llarg del temps.<\/p>\n\n\n\n<p class=\"wp-block-paragraph\">\u201cNo es tracta solament de recordar a Jaume I, sin\u00f3 d&#8217;estudiar-ho, interpretar-ho i divulgar el seu llegat des del rigor hist\u00f2ric i acad\u00e8mic\u201d, ha subratllat Clausell, qui ha convidat a tota la ciutadania a con\u00e9ixer l&#8217;exposici\u00f3 i a participar en les jornades d&#8217;estudi, conven\u00e7ut que \u201cquan les institucions culturals i acad\u00e8miques treballen juntes, el resultat \u00e9s un patrimoni i un coneixement molt m\u00e9s accessibles per a tots\u201d.<\/p>\n\n\n\n<p class=\"wp-block-paragraph\">Aix\u00ed mateix, el diputat de Cultura ha incidit en qu\u00e8 \u201cla nostra intenci\u00f3 \u00e9s que el 750 aniversari de la mort de Jaume I siga una oportunitat per a mirar al passat amb rigor, comprendre millor el nostre present i transmetre el nostre patrimoni hist\u00f2ric i cultural a les futures generacions.<\/p>\n","protected":false},"excerpt":{"rendered":"<p>El diputat de Cultura, Alejandro Clausell, acompanyat per la vicerectora de Cultura, Comprom\u00eds Social i Igualtat de l&#8217;UJI, Raquel Agost, i Carles Rabassa, professor titular d&#8217;Hist\u00f2ria Medieval de la Universitat Jaume I, ha presentat este mat\u00ed el programa d&#8217;activitats que s&#8217;ha dissenyat per a commemorar el 750 aniversari de la mort del monarca i acostar &#8230; <a title=\"La Diputaci\u00f3 de Castell\u00f3 i l&#8217;UJI commemoren el 750 aniversari de la mort del rei Jaume I\" class=\"read-more\" href=\"https:\/\/elcafedepipa.com\/index.php\/2026\/09\/02\/la-diputacio-de-castello-i-luji-commemoren-el-750-aniversari-de-la-mort-del-rei-jaume-i\/\" aria-label=\"M\u00e9s informaci\u00f3 sobre La Diputaci\u00f3 de Castell\u00f3 i l&#8217;UJI commemoren el 750 aniversari de la mort del rei Jaume I\">Read more<\/a><\/p>\n","protected":false},"author":5,"featured_media":28559,"comment_status":"closed","ping_status":"closed","sticky":false,"template":"","format":"standard","meta":{"om_disable_all_campaigns":false,"_monsterinsights_skip_tracking":false,"_uf_show_specific_survey":0,"_uf_disable_surveys":false,"slim_seo":{"title":"La Diputaci\u00f3 de Castell\u00f3 i l'UJI commemoren el 750 aniversari de la mort del rei Jaume I - El caf\u00e9 de Pipa","description":"El diputat de Cultura, Alejandro Clausell, acompanyat per la vicerectora de Cultura, Comprom\u00eds Social i Igualtat de l'UJI, Raquel Agost, i Carles Rabassa, profe"},"footnotes":""},"categories":[1],"tags":[],"ppma_author":[75],"class_list":["post-28558","post","type-post","status-publish","format-standard","has-post-thumbnail","hentry","category-non-classe"],"distributor_meta":false,"distributor_terms":false,"distributor_media":false,"distributor_original_site_name":"El caf\u00e9 de Pipa","distributor_original_site_url":"https:\/\/elcafedepipa.com","push-errors":false,"authors":[{"term_id":75,"user_id":5,"is_guest":0,"slug":"vicentarnau","display_name":"Vicent Arnau Forner","avatar_url":"https:\/\/secure.gravatar.com\/avatar\/b6bbb5d9d4a2f81c9489990a7f05494fa0066b3db023740311cd0a4d00ee56fe?s=96&d=mm&r=g","author_category":"","first_name":"Vicent","last_name":"Arnau Forner","user_url":"","job_title":"","description":""}],"_links":{"self":[{"href":"https:\/\/elcafedepipa.com\/index.php\/wp-json\/wp\/v2\/posts\/28558","targetHints":{"allow":["GET"]}}],"collection":[{"href":"https:\/\/elcafedepipa.com\/index.php\/wp-json\/wp\/v2\/posts"}],"about":[{"href":"https:\/\/elcafedepipa.com\/index.php\/wp-json\/wp\/v2\/types\/post"}],"author":[{"embeddable":true,"href":"https:\/\/elcafedepipa.com\/index.php\/wp-json\/wp\/v2\/users\/5"}],"replies":[{"embeddable":true,"href":"https:\/\/elcafedepipa.com\/index.php\/wp-json\/wp\/v2\/comments?post=28558"}],"version-history":[{"count":1,"href":"https:\/\/elcafedepipa.com\/index.php\/wp-json\/wp\/v2\/posts\/28558\/revisions"}],"predecessor-version":[{"id":28560,"href":"https:\/\/elcafedepipa.com\/index.php\/wp-json\/wp\/v2\/posts\/28558\/revisions\/28560"}],"wp:featuredmedia":[{"embeddable":true,"href":"https:\/\/elcafedepipa.com\/index.php\/wp-json\/wp\/v2\/media\/28559"}],"wp:attachment":[{"href":"https:\/\/elcafedepipa.com\/index.php\/wp-json\/wp\/v2\/media?parent=28558"}],"wp:term":[{"taxonomy":"category","embeddable":true,"href":"https:\/\/elcafedepipa.com\/index.php\/wp-json\/wp\/v2\/categories?post=28558"},{"taxonomy":"post_tag","embeddable":true,"href":"https:\/\/elcafedepipa.com\/index.php\/wp-json\/wp\/v2\/tags?post=28558"},{"taxonomy":"author","embeddable":true,"href":"https:\/\/elcafedepipa.com\/index.php\/wp-json\/wp\/v2\/ppma_author?post=28558"}],"curies":[{"name":"wp","href":"https:\/\/api.w.org\/{rel}","templated":true}]}}