{"id":28548,"date":"2026-09-02T13:45:00","date_gmt":"2026-09-02T11:45:00","guid":{"rendered":"https:\/\/elcafedepipa.com\/?p=28548"},"modified":"2026-09-02T13:32:15","modified_gmt":"2026-09-02T11:32:15","slug":"podcast-tierra-santa-encapcala-el-cartell-de-la-iii-edicio-del-brutal-fest-el-12-de-setembre","status":"publish","type":"post","link":"https:\/\/elcafedepipa.com\/index.php\/2026\/09\/02\/podcast-tierra-santa-encapcala-el-cartell-de-la-iii-edicio-del-brutal-fest-el-12-de-setembre\/","title":{"rendered":"Podcast | &#8216;Tierra Santa&#8217; encap\u00e7ala el cartell de la III edici\u00f3 del Brutal Fest el 12 de setembre"},"content":{"rendered":"\n<figure class=\"wp-block-audio\"><audio controls src=\"https:\/\/elcafedepipa.com\/wp-content\/uploads\/2026\/09\/brutalfest2set.mp3\"><\/audio><\/figure>\n","protected":false},"excerpt":{"rendered":"","protected":false},"author":5,"featured_media":28549,"comment_status":"closed","ping_status":"closed","sticky":false,"template":"","format":"standard","meta":{"om_disable_all_campaigns":false,"_monsterinsights_skip_tracking":false,"_uf_show_specific_survey":0,"_uf_disable_surveys":false,"slim_seo":{"title":"Podcast | 'Tierra Santa' encap\u00e7ala el cartell de la III edici\u00f3 del Brutal Fest el 12 de setembre - El caf\u00e9 de Pipa","description":""},"footnotes":""},"categories":[1],"tags":[42],"ppma_author":[75],"class_list":["post-28548","post","type-post","status-publish","format-standard","has-post-thumbnail","hentry","category-non-classe","tag-podcast"],"distributor_meta":false,"distributor_terms":false,"distributor_media":false,"distributor_original_site_name":"El caf\u00e9 de Pipa","distributor_original_site_url":"https:\/\/elcafedepipa.com","push-errors":false,"authors":[{"term_id":75,"user_id":5,"is_guest":0,"slug":"vicentarnau","display_name":"Vicent Arnau Forner","avatar_url":"https:\/\/secure.gravatar.com\/avatar\/b6bbb5d9d4a2f81c9489990a7f05494fa0066b3db023740311cd0a4d00ee56fe?s=96&d=mm&r=g","author_category":"","first_name":"Vicent","last_name":"Arnau Forner","user_url":"","job_title":"","description":""}],"_links":{"self":[{"href":"https:\/\/elcafedepipa.com\/index.php\/wp-json\/wp\/v2\/posts\/28548","targetHints":{"allow":["GET"]}}],"collection":[{"href":"https:\/\/elcafedepipa.com\/index.php\/wp-json\/wp\/v2\/posts"}],"about":[{"href":"https:\/\/elcafedepipa.com\/index.php\/wp-json\/wp\/v2\/types\/post"}],"author":[{"embeddable":true,"href":"https:\/\/elcafedepipa.com\/index.php\/wp-json\/wp\/v2\/users\/5"}],"replies":[{"embeddable":true,"href":"https:\/\/elcafedepipa.com\/index.php\/wp-json\/wp\/v2\/comments?post=28548"}],"version-history":[{"count":1,"href":"https:\/\/elcafedepipa.com\/index.php\/wp-json\/wp\/v2\/posts\/28548\/revisions"}],"predecessor-version":[{"id":28552,"href":"https:\/\/elcafedepipa.com\/index.php\/wp-json\/wp\/v2\/posts\/28548\/revisions\/28552"}],"wp:featuredmedia":[{"embeddable":true,"href":"https:\/\/elcafedepipa.com\/index.php\/wp-json\/wp\/v2\/media\/28549"}],"wp:attachment":[{"href":"https:\/\/elcafedepipa.com\/index.php\/wp-json\/wp\/v2\/media?parent=28548"}],"wp:term":[{"taxonomy":"category","embeddable":true,"href":"https:\/\/elcafedepipa.com\/index.php\/wp-json\/wp\/v2\/categories?post=28548"},{"taxonomy":"post_tag","embeddable":true,"href":"https:\/\/elcafedepipa.com\/index.php\/wp-json\/wp\/v2\/tags?post=28548"},{"taxonomy":"author","embeddable":true,"href":"https:\/\/elcafedepipa.com\/index.php\/wp-json\/wp\/v2\/ppma_author?post=28548"}],"curies":[{"name":"wp","href":"https:\/\/api.w.org\/{rel}","templated":true}]}}