{"id":28545,"date":"2026-09-02T13:29:47","date_gmt":"2026-09-02T11:29:47","guid":{"rendered":"https:\/\/elcafedepipa.com\/?p=28545"},"modified":"2026-09-02T13:30:02","modified_gmt":"2026-09-02T11:30:02","slug":"moncofa-reserva-40-000-euros-per-a-ajudar-el-collectiu-destudiants-en-les-despeses-de-transport","status":"publish","type":"post","link":"https:\/\/elcafedepipa.com\/index.php\/2026\/09\/02\/moncofa-reserva-40-000-euros-per-a-ajudar-el-collectiu-destudiants-en-les-despeses-de-transport\/","title":{"rendered":"Moncofa reserva 40.000 euros per a ajudar el col\u00b7lectiu d\u2019estudiants en les despeses de transport"},"content":{"rendered":"\n<p class=\"wp-block-paragraph\">J\u00f3vens de Moncofa que estan estudiant fora del municipi podran optar a una ajuda econ\u00f2mica llan\u00e7ada amb l&#8217;objectiu de pal\u00b7liar les despeses derivades del transport cap als centres acad\u00e8mics. L&#8217;Ajuntament de Moncofa tracta aix\u00ed de donar suport a les fam\u00edlies en l&#8217;educaci\u00f3 dels i de les estudiants, en edats crucials per al seu desenvolupament acad\u00e8mic, professional i personal mentres es redueixen costos obligats del despla\u00e7ament.<\/p>\n\n\n\n<p class=\"wp-block-paragraph\">\u00abEl major tresor de Moncofa \u00e9s la seua joventut i el seu desenvolupament. Volem ajudar les fam\u00edlies en despeses que s\u00f3n quasi obligades per a poder estudiar fora de Moncofa, ja siga a la Plana Baixa, la prov\u00edncia de Castell\u00f3 o en centres de la Comunitat Valenciana. Aquestes beques de transport redueixen els costos i tamb\u00e9 premiem l\u2019esfor\u00e7 diari per a estudiar i cr\u00e9ixer en la seua formaci\u00f3\u00bb, ha explicat Arancha Igual, regidora d&#8217;Educaci\u00f3 de l&#8217;Ajuntament de Moncofa.<\/p>\n\n\n\n<p class=\"wp-block-paragraph\">El consistori obri la convocat\u00f2ria en tres nivells per a aconseguir el m\u00e0xim d&#8217;alumnat possible. Es tracta de j\u00f3vens que estudien en centres de la Plana Baixa, alumnat que ho fa dins de la prov\u00edncia de Castell\u00f3 i, finalment, alumnes que estudien fora de la prov\u00edncia castellonenca. De la mateixa manera, s&#8217;inclou la formaci\u00f3 educativa de l&#8217;ESO, Batxillerat, FP de Grau Mitj\u00e0, ensenyan\u00e7a universit\u00e0ria, FP de Grau Superior i conservatoris professionals de m\u00fasica i dansa.<\/p>\n\n\n\n<p class=\"wp-block-paragraph\">Els estudis dins de la comarca de la Plana Baixa signifiquen 1 punt, mentres que fora de la comarca valen 1,5 punts. La matr\u00edcula en centres fora de la prov\u00edncia de Castell\u00f3 puja a 2 punts, corresponent una suma de 300 euros per cada punt assignat. No obstant aix\u00f2, quan la suma total de les ajudes considerades conformes amb els requisits establits en la present convocat\u00f2ria sobrepassara l&#8217;import global del cr\u00e8dit pressupostari consignat en l&#8217;aplicaci\u00f3 pressupost\u00e0ria, l&#8217;import individual de l&#8217;ajuda s&#8217;obtindr\u00e0 mitjan\u00e7ant prorrateig, entre la totalitat dels beneficiaris de la subvenci\u00f3.<\/p>\n","protected":false},"excerpt":{"rendered":"<p>J\u00f3vens de Moncofa que estan estudiant fora del municipi podran optar a una ajuda econ\u00f2mica llan\u00e7ada amb l&#8217;objectiu de pal\u00b7liar les despeses derivades del transport cap als centres acad\u00e8mics. L&#8217;Ajuntament de Moncofa tracta aix\u00ed de donar suport a les fam\u00edlies en l&#8217;educaci\u00f3 dels i de les estudiants, en edats crucials per al seu desenvolupament acad\u00e8mic, &#8230; <a title=\"Moncofa reserva 40.000 euros per a ajudar el col\u00b7lectiu d\u2019estudiants en les despeses de transport\" class=\"read-more\" href=\"https:\/\/elcafedepipa.com\/index.php\/2026\/09\/02\/moncofa-reserva-40-000-euros-per-a-ajudar-el-collectiu-destudiants-en-les-despeses-de-transport\/\" aria-label=\"M\u00e9s informaci\u00f3 sobre Moncofa reserva 40.000 euros per a ajudar el col\u00b7lectiu d\u2019estudiants en les despeses de transport\">Read more<\/a><\/p>\n","protected":false},"author":5,"featured_media":28546,"comment_status":"closed","ping_status":"closed","sticky":false,"template":"","format":"standard","meta":{"om_disable_all_campaigns":false,"_monsterinsights_skip_tracking":false,"_uf_show_specific_survey":0,"_uf_disable_surveys":false,"slim_seo":{"title":"Moncofa reserva 40.000 euros per a ajudar el col\u00b7lectiu d\u2019estudiants en les despeses de transport - El caf\u00e9 de Pipa","description":"J\u00f3vens de Moncofa que estan estudiant fora del municipi podran optar a una ajuda econ\u00f2mica llan\u00e7ada amb l'objectiu de pal\u00b7liar les despeses derivades del transp"},"footnotes":""},"categories":[1],"tags":[],"ppma_author":[75],"class_list":["post-28545","post","type-post","status-publish","format-standard","has-post-thumbnail","hentry","category-non-classe"],"distributor_meta":false,"distributor_terms":false,"distributor_media":false,"distributor_original_site_name":"El caf\u00e9 de Pipa","distributor_original_site_url":"https:\/\/elcafedepipa.com","push-errors":false,"authors":[{"term_id":75,"user_id":5,"is_guest":0,"slug":"vicentarnau","display_name":"Vicent Arnau Forner","avatar_url":"https:\/\/secure.gravatar.com\/avatar\/b6bbb5d9d4a2f81c9489990a7f05494fa0066b3db023740311cd0a4d00ee56fe?s=96&d=mm&r=g","author_category":"","first_name":"Vicent","last_name":"Arnau Forner","user_url":"","job_title":"","description":""}],"_links":{"self":[{"href":"https:\/\/elcafedepipa.com\/index.php\/wp-json\/wp\/v2\/posts\/28545","targetHints":{"allow":["GET"]}}],"collection":[{"href":"https:\/\/elcafedepipa.com\/index.php\/wp-json\/wp\/v2\/posts"}],"about":[{"href":"https:\/\/elcafedepipa.com\/index.php\/wp-json\/wp\/v2\/types\/post"}],"author":[{"embeddable":true,"href":"https:\/\/elcafedepipa.com\/index.php\/wp-json\/wp\/v2\/users\/5"}],"replies":[{"embeddable":true,"href":"https:\/\/elcafedepipa.com\/index.php\/wp-json\/wp\/v2\/comments?post=28545"}],"version-history":[{"count":1,"href":"https:\/\/elcafedepipa.com\/index.php\/wp-json\/wp\/v2\/posts\/28545\/revisions"}],"predecessor-version":[{"id":28547,"href":"https:\/\/elcafedepipa.com\/index.php\/wp-json\/wp\/v2\/posts\/28545\/revisions\/28547"}],"wp:featuredmedia":[{"embeddable":true,"href":"https:\/\/elcafedepipa.com\/index.php\/wp-json\/wp\/v2\/media\/28546"}],"wp:attachment":[{"href":"https:\/\/elcafedepipa.com\/index.php\/wp-json\/wp\/v2\/media?parent=28545"}],"wp:term":[{"taxonomy":"category","embeddable":true,"href":"https:\/\/elcafedepipa.com\/index.php\/wp-json\/wp\/v2\/categories?post=28545"},{"taxonomy":"post_tag","embeddable":true,"href":"https:\/\/elcafedepipa.com\/index.php\/wp-json\/wp\/v2\/tags?post=28545"},{"taxonomy":"author","embeddable":true,"href":"https:\/\/elcafedepipa.com\/index.php\/wp-json\/wp\/v2\/ppma_author?post=28545"}],"curies":[{"name":"wp","href":"https:\/\/api.w.org\/{rel}","templated":true}]}}