{"id":28542,"date":"2026-09-02T13:28:29","date_gmt":"2026-09-02T11:28:29","guid":{"rendered":"https:\/\/elcafedepipa.com\/?p=28542"},"modified":"2026-09-02T13:28:44","modified_gmt":"2026-09-02T11:28:44","slug":"la-diputacio-de-castello-destaca-el-treball-efectiu-del-servei-de-control-de-mosquits-que-mante-baix-control-les-poblacions-de-mosquits-en-tota-la-provincia","status":"publish","type":"post","link":"https:\/\/elcafedepipa.com\/index.php\/2026\/09\/02\/la-diputacio-de-castello-destaca-el-treball-efectiu-del-servei-de-control-de-mosquits-que-mante-baix-control-les-poblacions-de-mosquits-en-tota-la-provincia\/","title":{"rendered":"La Diputaci\u00f3 de Castell\u00f3 destaca el treball efectiu del Servei de Control de Mosquits que mant\u00e9 baix control les poblacions de mosquits en tota la prov\u00edncia"},"content":{"rendered":"\n<p class=\"wp-block-paragraph\"><strong>El Servei de Control de Mosquits de la Diputaci\u00f3 Provincial de Castell\u00f3 mant\u00e9 di\u00e0riament els treballs de vigil\u00e0ncia i control de mosquits en tota la prov\u00edncia, amb especial atenci\u00f3 a la detecci\u00f3 de focus larvaris.<\/strong><\/p>\n\n\n\n<p class=\"wp-block-paragraph\">El diputat de Medi Natural, Jos\u00e9 Mar\u00eda Andr\u00e9s, ha destacat que l&#8217;estrat\u00e8gia preventiva i la r\u00e0pida aplicaci\u00f3 de tractaments larvicides han sigut claus per a aconseguir mantindre sota control les poblacions de mosquits durant este estiu, sense que s&#8217;haja observat un repunt significatiu de les poblacions de cul\u00edcids.<\/p>\n\n\n\n<p class=\"wp-block-paragraph\">\u201cEn la Diputaci\u00f3 de Castell\u00f3 entenem que la prevenci\u00f3 \u00e9s fonamental. I este estiu hem pogut comprovar la import\u00e0ncia de mantindre una vigil\u00e0ncia constant\u201d, ha assenyalat Jos\u00e9 Mar\u00eda Andr\u00e9s, qui ha posat en valor el treball que realitzen els professionals per a detectar, de manera primerenca, qualsevol focus i actuar amb rapidesa all\u00ed on siga necessari.<\/p>\n\n\n\n<p class=\"wp-block-paragraph\">Esta labor de vigil\u00e0ncia constant s&#8217;ha vist afavorida durant els mesos d&#8217;estiu per l&#8217;abs\u00e8ncia de precipitacions, que ha propiciat la progressiva desaparici\u00f3 de nombrosos focus de cria en zones inundables naturals, tant del litoral com de l&#8217;interior de la prov\u00edncia. La p\u00e8rdua d&#8217;aigua acumulada en estes zones ha redu\u00eft les condicions favorables per al desenvolupament de les larves de mosquit.<\/p>\n\n\n\n<p class=\"wp-block-paragraph\">No obstant aix\u00f2, determinades \u00e0rees han mantingut una l\u00e0mina d&#8217;aigua de manera permanent, per la qual cosa el Servei Provincial ha mantingut una vigil\u00e0ncia cont\u00ednua. Aix\u00ed doncs, davant la detecci\u00f3 de pres\u00e8ncia larv\u00e0ria, \u201cs&#8217;han dut a terme tractaments larvicides de car\u00e0cter biol\u00f2gic, espec\u00edfics per al control de mosquits, amb una elevada efectivitat i evitant, d&#8217;esta manera, que les larves completen el seu cicle i arriben a convertir-se en mosquits adults\u201d, ha comentat el diputat de Medi Natural.<\/p>\n\n\n\n<p class=\"wp-block-paragraph\">Un dels punts que ha requerit una atenci\u00f3 especial durant este estiu ha sigut la zona de la Marjaleria de Castell\u00f3, on determinades actuacions d&#8217;origen antr\u00f2pic han provocat la inundaci\u00f3 de camps de cultiu. En esta zona s&#8217;han coordinat les actuacions amb els diferents organismes i entitats implicats, amb l&#8217;objectiu de \u201cprevindre la proliferaci\u00f3 de mosquits i minimitzar l&#8217;aparici\u00f3 de poblacions adultes\u201d, ha apuntat Andr\u00e9s.<\/p>\n\n\n\n<p class=\"wp-block-paragraph\">Aix\u00ed mateix, durant este per\u00edode estival s&#8217;han intensificat els treballs de vigil\u00e0ncia i control en els municipis prelitorals i de l&#8217;interior de la prov\u00edncia, tant en entorns naturals com urbans, amb especial atenci\u00f3 als municipis de menys de 1.000 habitants.<\/p>\n\n\n\n<p class=\"wp-block-paragraph\">\u201cTindre controlada la pres\u00e8ncia de mosquits \u00e9s una q\u00fcesti\u00f3 de salut p\u00fablica i garantir la seguretat dels nostres ve\u00efns i ve\u00efnes \u00e9s una prioritat per a l&#8217;equip de Govern que presidix Marta Barrachina, per aix\u00f2, treballem constantment a tindre les zones ben controlades\u201d, ha ressaltat el diputat Jos\u00e9 Mar\u00eda Andr\u00e9s.<\/p>\n\n\n\n<p class=\"wp-block-paragraph\"><strong>Tot preparat davant l&#8217;increment de precipitacions<\/strong><\/p>\n\n\n\n<p class=\"wp-block-paragraph\">El Servei de Control de Mosquits est\u00e0 preparat per a refor\u00e7ar els treballs de vigil\u00e0ncia i tractament davant possibles episodis de precipitacions durant els pr\u00f2xims mesos, especialment entre setembre i novembre, per\u00edode en el qual poden produir-se episodis de precipitacions intenses.<\/p>\n\n\n\n<p class=\"wp-block-paragraph\">L&#8217;objectiu, tal com ha destacat el diputat de Medi Natural, \u00e9s \u201cactuar amb la major rapidesa possible despr\u00e9s dels episodis de pluges, localitzar els possibles nous focus de cria i aplicar els tractaments necessaris durant les fases larv\u00e0ries del mosquit\u201d. D&#8217;esta manera, es pret\u00e9n interrompre el seu cicle biol\u00f2gic abans que els exemplars aconseguisquen la fase adulta i puguen provocar mol\u00e8sties a la poblaci\u00f3.<\/p>\n\n\n\n<p class=\"wp-block-paragraph\">En este sentit, Jos\u00e9 Mar\u00eda Andr\u00e9s ha posat l&#8217;accent en la import\u00e0ncia de la conscienciaci\u00f3 ciutadana i el paper fonamental que juguen els ve\u00efns i ve\u00efnes de Castell\u00f3 en la prevenci\u00f3, subratllant que \u201ccombatre els mosquits \u00e9s cosa de tots i per a tots\u201d.<\/p>\n\n\n\n<p class=\"wp-block-paragraph\">Aix\u00ed, des de la Diputaci\u00f3 de Castell\u00f3 es recomana mantindre una adequada gesti\u00f3 i conservaci\u00f3 de les finques, solars, parcel\u00b7les i altres espais susceptibles d&#8217;acumular aigua, evitant en la mesura que siga possible la pres\u00e8ncia de recipients o zones amb aigua estancada que puguen convertir-se en potencials focus de cria.<\/p>\n\n\n\n<p class=\"wp-block-paragraph\">\u201cNom\u00e9s amb la col\u00b7laboraci\u00f3 de tots podrem avan\u00e7ar en la lluita contra els mosquits i protegir la salut dels nostres ve\u00efns\u201d, ha concl\u00f2s el diputat de Medi Natural.<\/p>\n","protected":false},"excerpt":{"rendered":"<p>El Servei de Control de Mosquits de la Diputaci\u00f3 Provincial de Castell\u00f3 mant\u00e9 di\u00e0riament els treballs de vigil\u00e0ncia i control de mosquits en tota la prov\u00edncia, amb especial atenci\u00f3 a la detecci\u00f3 de focus larvaris. El diputat de Medi Natural, Jos\u00e9 Mar\u00eda Andr\u00e9s, ha destacat que l&#8217;estrat\u00e8gia preventiva i la r\u00e0pida aplicaci\u00f3 de tractaments larvicides &#8230; <a title=\"La Diputaci\u00f3 de Castell\u00f3 destaca el treball efectiu del Servei de Control de Mosquits que mant\u00e9 baix control les poblacions de mosquits en tota la prov\u00edncia\" class=\"read-more\" href=\"https:\/\/elcafedepipa.com\/index.php\/2026\/09\/02\/la-diputacio-de-castello-destaca-el-treball-efectiu-del-servei-de-control-de-mosquits-que-mante-baix-control-les-poblacions-de-mosquits-en-tota-la-provincia\/\" aria-label=\"M\u00e9s informaci\u00f3 sobre La Diputaci\u00f3 de Castell\u00f3 destaca el treball efectiu del Servei de Control de Mosquits que mant\u00e9 baix control les poblacions de mosquits en tota la prov\u00edncia\">Read more<\/a><\/p>\n","protected":false},"author":5,"featured_media":28543,"comment_status":"closed","ping_status":"closed","sticky":false,"template":"","format":"standard","meta":{"om_disable_all_campaigns":false,"_monsterinsights_skip_tracking":false,"_uf_show_specific_survey":0,"_uf_disable_surveys":false,"slim_seo":{"title":"La Diputaci\u00f3 de Castell\u00f3 destaca el treball efectiu del Servei de Control de Mosquits que mant\u00e9 baix control les poblacions de mosquits en tota la prov\u00edncia - El caf\u00e9 de Pipa","description":"El Servei de Control de Mosquits de la Diputaci\u00f3 Provincial de Castell\u00f3 mant\u00e9 di\u00e0riament els treballs de vigil\u00e0ncia i control de mosquits en tota la prov\u00edncia,"},"footnotes":""},"categories":[1],"tags":[],"ppma_author":[75],"class_list":["post-28542","post","type-post","status-publish","format-standard","has-post-thumbnail","hentry","category-non-classe"],"distributor_meta":false,"distributor_terms":false,"distributor_media":false,"distributor_original_site_name":"El caf\u00e9 de Pipa","distributor_original_site_url":"https:\/\/elcafedepipa.com","push-errors":false,"authors":[{"term_id":75,"user_id":5,"is_guest":0,"slug":"vicentarnau","display_name":"Vicent Arnau Forner","avatar_url":"https:\/\/secure.gravatar.com\/avatar\/b6bbb5d9d4a2f81c9489990a7f05494fa0066b3db023740311cd0a4d00ee56fe?s=96&d=mm&r=g","author_category":"","first_name":"Vicent","last_name":"Arnau Forner","user_url":"","job_title":"","description":""}],"_links":{"self":[{"href":"https:\/\/elcafedepipa.com\/index.php\/wp-json\/wp\/v2\/posts\/28542","targetHints":{"allow":["GET"]}}],"collection":[{"href":"https:\/\/elcafedepipa.com\/index.php\/wp-json\/wp\/v2\/posts"}],"about":[{"href":"https:\/\/elcafedepipa.com\/index.php\/wp-json\/wp\/v2\/types\/post"}],"author":[{"embeddable":true,"href":"https:\/\/elcafedepipa.com\/index.php\/wp-json\/wp\/v2\/users\/5"}],"replies":[{"embeddable":true,"href":"https:\/\/elcafedepipa.com\/index.php\/wp-json\/wp\/v2\/comments?post=28542"}],"version-history":[{"count":1,"href":"https:\/\/elcafedepipa.com\/index.php\/wp-json\/wp\/v2\/posts\/28542\/revisions"}],"predecessor-version":[{"id":28544,"href":"https:\/\/elcafedepipa.com\/index.php\/wp-json\/wp\/v2\/posts\/28542\/revisions\/28544"}],"wp:featuredmedia":[{"embeddable":true,"href":"https:\/\/elcafedepipa.com\/index.php\/wp-json\/wp\/v2\/media\/28543"}],"wp:attachment":[{"href":"https:\/\/elcafedepipa.com\/index.php\/wp-json\/wp\/v2\/media?parent=28542"}],"wp:term":[{"taxonomy":"category","embeddable":true,"href":"https:\/\/elcafedepipa.com\/index.php\/wp-json\/wp\/v2\/categories?post=28542"},{"taxonomy":"post_tag","embeddable":true,"href":"https:\/\/elcafedepipa.com\/index.php\/wp-json\/wp\/v2\/tags?post=28542"},{"taxonomy":"author","embeddable":true,"href":"https:\/\/elcafedepipa.com\/index.php\/wp-json\/wp\/v2\/ppma_author?post=28542"}],"curies":[{"name":"wp","href":"https:\/\/api.w.org\/{rel}","templated":true}]}}