{"id":28526,"date":"2026-09-02T13:19:45","date_gmt":"2026-09-02T11:19:45","guid":{"rendered":"https:\/\/elcafedepipa.com\/?p=28526"},"modified":"2026-09-02T13:20:00","modified_gmt":"2026-09-02T11:20:00","slug":"el-pspv-psoe-acusa-perez-llorca-de-perdre-lestiu-en-educacio-i-fer-tornar-el-professorat-a-les-aules-amb-mes-conflictes-oberts","status":"publish","type":"post","link":"https:\/\/elcafedepipa.com\/index.php\/2026\/09\/02\/el-pspv-psoe-acusa-perez-llorca-de-perdre-lestiu-en-educacio-i-fer-tornar-el-professorat-a-les-aules-amb-mes-conflictes-oberts\/","title":{"rendered":"El PSPV-PSOE acusa P\u00e9rez Llorca de \u201cperdre l\u2019estiu\u201d en Educaci\u00f3 i fer tornar el professorat a les aules amb m\u00e9s conflictes oberts"},"content":{"rendered":"\n<p class=\"wp-block-paragraph\"><strong><br><\/strong>El portaveu d\u2019Educaci\u00f3 del PSPV-PSOE a les Corts Valencianes, Jos\u00e9 Luis Lorenz, ha acusat el president de la Generalitat, Juanfran P\u00e9rez Llorca, de \u201cperdre l\u2019estiu\u201d i fer tornar el professorat a les aules amb bona part dels conflictes que van marcar el final del curs passat encara oberts.<\/p>\n\n\n\n<p class=\"wp-block-paragraph\">Lorenz ha recordat que, a pocs dies d\u2019acabar el curs, P\u00e9rez Llorca va assegurar que \u201cl\u2019estiu no pot convertir-se en una excusa per a detindre la negociaci\u00f3\u201d. Setembre, per\u00f2, ha arribat \u201camb les principals reivindicacions encara damunt de la taula\u201d, entre elles la baixada de r\u00e0tios, la millora retributiva, l\u2019increment de plantilles i de personal de suport per a l\u2019alumnat amb necessitats educatives especials o la recuperaci\u00f3 de recursos en FP, Escoles Oficials d\u2019Idiomes, Escoles d\u2019Adults i conservatoris.<\/p>\n\n\n\n<p class=\"wp-block-paragraph\">\u201cEstes reivindicacions no busquen privilegis per al professorat, sin\u00f3 millorar la qualitat educativa i garantir que els xiquets i xiquetes de la Comunitat Valenciana reben la millor formaci\u00f3 possible. El professorat no es conforma amb anar tapant forats curs rere curs\u201d.<\/p>\n\n\n\n<p class=\"wp-block-paragraph\">A m\u00e9s d\u2019aix\u00f2, el portaveu socialista ha reprotxat a PP i Vox que \u201ctinguen la persiana mig abaixada per a resoldre els conflictes que ja tenien, per\u00f2 ben oberta per a crear-ne de nous\u201d. Lorenz s\u2019ha referit aix\u00ed al fet que hagen aprofitat precisament el mes d\u2019agost per a posar el professorat sota sospita i alimentar la idea que a les aules \u201cno s\u2019educa, sin\u00f3 que s\u2019adoctrina\u201d amb la seua \u201cpolicia ideol\u00f2gica\u201d. \u201cAra posen els docents en la diana per a generar por i autocensura a l\u2019hora d\u2019abordar continguts que els resulten molestos\u201d.<\/p>\n\n\n\n<p class=\"wp-block-paragraph\"><strong>Castell\u00f3, amb els \u00e0nims tamb\u00e9 caldejats<br><\/strong>A Castell\u00f3, esta primera setmana laboral tamb\u00e9 ha arrancat amb els \u00e0nims caldejats, sobretot per la falta d\u2019inversions en escoles i instituts i despr\u00e9s del rev\u00e9s judicial que ha rebut el Consell, que haur\u00e0 de recuperar projectes que va paralitzar nom\u00e9s arribar Maz\u00f3n al govern valenci\u00e0.<\/p>\n\n\n\n<p class=\"wp-block-paragraph\">Lorenz ha advertit que este context fa que el professorat torne a les aules \u201csentint-se enganyat i menyspreat\u201d i ha remarcat que el nou curs comen\u00e7a ja amb una manifestaci\u00f3 de la comunitat educativa convocada per al pr\u00f2xim 12 de setembre. Davant aix\u00f2, el PSPV-PSOE ha exigit al Consell que recupere la pau i el di\u00e0leg social que \u201cPP i Vox han dinamitat\u201d.<\/p>\n\n\n\n<p class=\"wp-block-paragraph\">\u201cJa \u00e9s hora que P\u00e9rez Llorca deixe el mojito de l\u2019estiu, alce la persiana i afronte els problemes que t\u00e9 damunt de la taula, comen\u00e7ant per la climatitzaci\u00f3 dels centres. Si de veritat aposta per l\u2019educaci\u00f3 p\u00fablica, que ho demostre\u201d.<\/p>\n\n\n\n<p class=\"wp-block-paragraph\"><\/p>\n","protected":false},"excerpt":{"rendered":"<p>El portaveu d\u2019Educaci\u00f3 del PSPV-PSOE a les Corts Valencianes, Jos\u00e9 Luis Lorenz, ha acusat el president de la Generalitat, Juanfran P\u00e9rez Llorca, de \u201cperdre l\u2019estiu\u201d i fer tornar el professorat a les aules amb bona part dels conflictes que van marcar el final del curs passat encara oberts. Lorenz ha recordat que, a pocs dies &#8230; <a title=\"El PSPV-PSOE acusa P\u00e9rez Llorca de \u201cperdre l\u2019estiu\u201d en Educaci\u00f3 i fer tornar el professorat a les aules amb m\u00e9s conflictes oberts\" class=\"read-more\" href=\"https:\/\/elcafedepipa.com\/index.php\/2026\/09\/02\/el-pspv-psoe-acusa-perez-llorca-de-perdre-lestiu-en-educacio-i-fer-tornar-el-professorat-a-les-aules-amb-mes-conflictes-oberts\/\" aria-label=\"M\u00e9s informaci\u00f3 sobre El PSPV-PSOE acusa P\u00e9rez Llorca de \u201cperdre l\u2019estiu\u201d en Educaci\u00f3 i fer tornar el professorat a les aules amb m\u00e9s conflictes oberts\">Read more<\/a><\/p>\n","protected":false},"author":5,"featured_media":28528,"comment_status":"closed","ping_status":"closed","sticky":false,"template":"","format":"standard","meta":{"om_disable_all_campaigns":false,"_monsterinsights_skip_tracking":false,"_uf_show_specific_survey":0,"_uf_disable_surveys":false,"slim_seo":{"title":"El PSPV-PSOE acusa P\u00e9rez Llorca de \u201cperdre l\u2019estiu\u201d en Educaci\u00f3 i fer tornar el professorat a les aules amb m\u00e9s conflictes oberts - El caf\u00e9 de Pipa","description":"El portaveu d\u2019Educaci\u00f3 del PSPV-PSOE a les Corts Valencianes, Jos\u00e9 Luis Lorenz, ha acusat el president de la Generalitat, Juanfran P\u00e9rez Llorca, de \u201cperdre l\u2019es"},"footnotes":""},"categories":[1],"tags":[],"ppma_author":[75],"class_list":["post-28526","post","type-post","status-publish","format-standard","has-post-thumbnail","hentry","category-non-classe"],"distributor_meta":false,"distributor_terms":false,"distributor_media":false,"distributor_original_site_name":"El caf\u00e9 de Pipa","distributor_original_site_url":"https:\/\/elcafedepipa.com","push-errors":false,"authors":[{"term_id":75,"user_id":5,"is_guest":0,"slug":"vicentarnau","display_name":"Vicent Arnau Forner","avatar_url":"https:\/\/secure.gravatar.com\/avatar\/b6bbb5d9d4a2f81c9489990a7f05494fa0066b3db023740311cd0a4d00ee56fe?s=96&d=mm&r=g","author_category":"","first_name":"Vicent","last_name":"Arnau Forner","user_url":"","job_title":"","description":""}],"_links":{"self":[{"href":"https:\/\/elcafedepipa.com\/index.php\/wp-json\/wp\/v2\/posts\/28526","targetHints":{"allow":["GET"]}}],"collection":[{"href":"https:\/\/elcafedepipa.com\/index.php\/wp-json\/wp\/v2\/posts"}],"about":[{"href":"https:\/\/elcafedepipa.com\/index.php\/wp-json\/wp\/v2\/types\/post"}],"author":[{"embeddable":true,"href":"https:\/\/elcafedepipa.com\/index.php\/wp-json\/wp\/v2\/users\/5"}],"replies":[{"embeddable":true,"href":"https:\/\/elcafedepipa.com\/index.php\/wp-json\/wp\/v2\/comments?post=28526"}],"version-history":[{"count":1,"href":"https:\/\/elcafedepipa.com\/index.php\/wp-json\/wp\/v2\/posts\/28526\/revisions"}],"predecessor-version":[{"id":28529,"href":"https:\/\/elcafedepipa.com\/index.php\/wp-json\/wp\/v2\/posts\/28526\/revisions\/28529"}],"wp:featuredmedia":[{"embeddable":true,"href":"https:\/\/elcafedepipa.com\/index.php\/wp-json\/wp\/v2\/media\/28528"}],"wp:attachment":[{"href":"https:\/\/elcafedepipa.com\/index.php\/wp-json\/wp\/v2\/media?parent=28526"}],"wp:term":[{"taxonomy":"category","embeddable":true,"href":"https:\/\/elcafedepipa.com\/index.php\/wp-json\/wp\/v2\/categories?post=28526"},{"taxonomy":"post_tag","embeddable":true,"href":"https:\/\/elcafedepipa.com\/index.php\/wp-json\/wp\/v2\/tags?post=28526"},{"taxonomy":"author","embeddable":true,"href":"https:\/\/elcafedepipa.com\/index.php\/wp-json\/wp\/v2\/ppma_author?post=28526"}],"curies":[{"name":"wp","href":"https:\/\/api.w.org\/{rel}","templated":true}]}}