{"id":28522,"date":"2026-09-02T13:16:21","date_gmt":"2026-09-02T11:16:21","guid":{"rendered":"https:\/\/elcafedepipa.com\/?p=28522"},"modified":"2026-09-02T13:16:36","modified_gmt":"2026-09-02T11:16:36","slug":"la-vall-duixo-destina-200-000-euros-al-manteniment-integral-de-les-seues-arees-industrials-durant-els-proxims-quatre-anys","status":"publish","type":"post","link":"https:\/\/elcafedepipa.com\/index.php\/2026\/09\/02\/la-vall-duixo-destina-200-000-euros-al-manteniment-integral-de-les-seues-arees-industrials-durant-els-proxims-quatre-anys\/","title":{"rendered":"La Vall d\u2019Uix\u00f3 destina 200.000 euros al manteniment integral de les seues\u00a0\u00e1rees\u00a0industrials durant els pr\u00f2xims quatre anys"},"content":{"rendered":"\n<h6 class=\"wp-block-heading\"><strong>El regidor d\u2019Ind\u00fastria, Jorge Garcia destaca que el consistori refor\u00e7a el manteniment de les zones verdes, rotondes, marges i nous espais dels pol\u00edgons per millorar la competitivitat i continuar atraient inversions<\/strong><br><\/h6>\n\n\n\n<p class=\"wp-block-paragraph\">L\u2019Ajuntament de la Vall d\u2019Uix\u00f3 ha posat en marxa un nou contracte de manteniment integral de les \u00e0rees industrials de la ciutat amb una inversi\u00f3 de vora\u00a0<strong>200.000 euros per als pr\u00f2xims quatre anys<\/strong>. L\u2019objectiu \u00e9s garantir el bon estat i la conservaci\u00f3 dels pol\u00edgons industrials, donar resposta a les necessitats de les empreses i continuar millorant la competitivitat dels espais on es concentra una part important de l\u2019activitat econ\u00f2mica del municipi.<\/p>\n\n\n\n<p class=\"wp-block-paragraph\">El regidor d\u2019Ind\u00fastria,&nbsp;<strong>Jorge Garcia<\/strong>, ha explicat que aquesta actuaci\u00f3 forma part de l\u2019estrat\u00e8gia municipal per \u201cmillorar la competitivitat de les nostres \u00e0rees industrials i donar suport tant a les empreses que ja estan instal\u00b7lades com per continuar fent atractiu i competitiu el nostre espai industrial per a atraure noves inversions\u201d.<\/p>\n\n\n\n<p class=\"wp-block-paragraph\">El nou contracte permetr\u00e0 actuar de manera continuada en les necessitats de manteniment que vagen sorgint als pol\u00edgons, especialment en les&nbsp;<strong>zones verdes, la visibilitat de les rotondes, els marges i els nous espais<\/strong>&nbsp;que s\u2019han anat incorporant a les \u00e0rees industrials de la ciutat.<\/p>\n\n\n\n<p class=\"wp-block-paragraph\">Garcia ha destacat que aquesta planificaci\u00f3 respon tamb\u00e9 al treball conjunt que l\u2019Ajuntament mant\u00e9 amb les&nbsp;<strong>Entitats de Gesti\u00f3 i Modernitzaci\u00f3 (EGM)<\/strong>&nbsp;dels pol\u00edgons industrials. \u201cTreballar colze a colze amb les empreses ens est\u00e0 permetent millorar en all\u00f2 que no nom\u00e9s considera necessari l\u2019Ajuntament, sin\u00f3 tamb\u00e9 en all\u00f2 que les nostres empreses ens demanen i necessiten per poder treballar en millors condicions\u201d, ha assenyalat.<br><\/p>\n\n\n\n<h3 class=\"wp-block-heading\">M\u00e9s de 7 milions d\u2019euros d\u2019inversi\u00f3 des de 2022<\/h3>\n\n\n\n<p class=\"wp-block-paragraph\">El regidor ha remarcat que els 200.000 euros del nou contracte \u201cno s\u00f3n un treball a\u00efllat ni un peda\u00e7\u201d, sin\u00f3 que formen part d\u2019una&nbsp;<strong>estrat\u00e8gia d\u2019inversi\u00f3 sostinguda en les \u00e0rees industrials de la Vall d\u2019Uix\u00f3<\/strong>.<\/p>\n\n\n\n<p class=\"wp-block-paragraph\">En aquest sentit, ha recordat que des de la creaci\u00f3 de les EGM, l\u2019any 2022, l\u2019Ajuntament ha destinat&nbsp;<strong>m\u00e9s de 7 milions d\u2019euros<\/strong>&nbsp;a actuacions de millora en els pol\u00edgons industrials de la ciutat.<\/p>\n\n\n\n<p class=\"wp-block-paragraph\">\u201cContinuem apostant pel nostre teixit industrial, pels nostres espais i per la competitivitat de les nostres empreses\u201d, ha afirmat Garcia, qui ha defensat la necessitat de mantindre una inversi\u00f3 constant per garantir que les \u00e0rees industrials siguen espais preparats per al present i per al futur.<\/p>\n\n\n\n<p class=\"wp-block-paragraph\">L\u2019Ajuntament considera que disposar de pol\u00edgons industrials ben mantinguts, segurs i amb bons serveis \u00e9s tamb\u00e9 una ferramenta per&nbsp;<strong>atraure noves empreses i generar ocupaci\u00f3 i oportunitats<\/strong>&nbsp;a la ciutat.<\/p>\n\n\n\n<p class=\"wp-block-paragraph\">\u201cVolem que les nostres \u00e0rees industrials siguen un punt de refer\u00e8ncia a la prov\u00edncia de Castell\u00f3 i a la Comunitat Valenciana, i que les empreses que ja estan ac\u00ed puguen continuar creixent i que altres empreses troben en la Vall d\u2019Uix\u00f3 un lloc atractiu on invertir\u201d, ha concl\u00f2s el regidor d\u2019Ind\u00fastria.<\/p>\n","protected":false},"excerpt":{"rendered":"<p>El regidor d\u2019Ind\u00fastria, Jorge Garcia destaca que el consistori refor\u00e7a el manteniment de les zones verdes, rotondes, marges i nous espais dels pol\u00edgons per millorar la competitivitat i continuar atraient inversions L\u2019Ajuntament de la Vall d\u2019Uix\u00f3 ha posat en marxa un nou contracte de manteniment integral de les \u00e0rees industrials de la ciutat amb una &#8230; <a title=\"La Vall d\u2019Uix\u00f3 destina 200.000 euros al manteniment integral de les seues\u00a0\u00e1rees\u00a0industrials durant els pr\u00f2xims quatre anys\" class=\"read-more\" href=\"https:\/\/elcafedepipa.com\/index.php\/2026\/09\/02\/la-vall-duixo-destina-200-000-euros-al-manteniment-integral-de-les-seues-arees-industrials-durant-els-proxims-quatre-anys\/\" aria-label=\"M\u00e9s informaci\u00f3 sobre La Vall d\u2019Uix\u00f3 destina 200.000 euros al manteniment integral de les seues\u00a0\u00e1rees\u00a0industrials durant els pr\u00f2xims quatre anys\">Read more<\/a><\/p>\n","protected":false},"author":5,"featured_media":28523,"comment_status":"closed","ping_status":"closed","sticky":false,"template":"","format":"standard","meta":{"om_disable_all_campaigns":false,"_monsterinsights_skip_tracking":false,"_uf_show_specific_survey":0,"_uf_disable_surveys":false,"slim_seo":{"title":"La Vall d\u2019Uix\u00f3 destina 200.000 euros al manteniment integral de les seues\u00a0\u00e1rees\u00a0industrials durant els pr\u00f2xims quatre anys - El caf\u00e9 de Pipa","description":"El regidor d\u2019Ind\u00fastria, Jorge Garcia destaca que el consistori refor\u00e7a el manteniment de les zones verdes, rotondes, marges i nous espais dels pol\u00edgons per mill"},"footnotes":""},"categories":[1],"tags":[],"ppma_author":[75],"class_list":["post-28522","post","type-post","status-publish","format-standard","has-post-thumbnail","hentry","category-non-classe"],"distributor_meta":false,"distributor_terms":false,"distributor_media":false,"distributor_original_site_name":"El caf\u00e9 de Pipa","distributor_original_site_url":"https:\/\/elcafedepipa.com","push-errors":false,"authors":[{"term_id":75,"user_id":5,"is_guest":0,"slug":"vicentarnau","display_name":"Vicent Arnau Forner","avatar_url":"https:\/\/secure.gravatar.com\/avatar\/b6bbb5d9d4a2f81c9489990a7f05494fa0066b3db023740311cd0a4d00ee56fe?s=96&d=mm&r=g","author_category":"","first_name":"Vicent","last_name":"Arnau Forner","user_url":"","job_title":"","description":""}],"_links":{"self":[{"href":"https:\/\/elcafedepipa.com\/index.php\/wp-json\/wp\/v2\/posts\/28522","targetHints":{"allow":["GET"]}}],"collection":[{"href":"https:\/\/elcafedepipa.com\/index.php\/wp-json\/wp\/v2\/posts"}],"about":[{"href":"https:\/\/elcafedepipa.com\/index.php\/wp-json\/wp\/v2\/types\/post"}],"author":[{"embeddable":true,"href":"https:\/\/elcafedepipa.com\/index.php\/wp-json\/wp\/v2\/users\/5"}],"replies":[{"embeddable":true,"href":"https:\/\/elcafedepipa.com\/index.php\/wp-json\/wp\/v2\/comments?post=28522"}],"version-history":[{"count":1,"href":"https:\/\/elcafedepipa.com\/index.php\/wp-json\/wp\/v2\/posts\/28522\/revisions"}],"predecessor-version":[{"id":28525,"href":"https:\/\/elcafedepipa.com\/index.php\/wp-json\/wp\/v2\/posts\/28522\/revisions\/28525"}],"wp:featuredmedia":[{"embeddable":true,"href":"https:\/\/elcafedepipa.com\/index.php\/wp-json\/wp\/v2\/media\/28523"}],"wp:attachment":[{"href":"https:\/\/elcafedepipa.com\/index.php\/wp-json\/wp\/v2\/media?parent=28522"}],"wp:term":[{"taxonomy":"category","embeddable":true,"href":"https:\/\/elcafedepipa.com\/index.php\/wp-json\/wp\/v2\/categories?post=28522"},{"taxonomy":"post_tag","embeddable":true,"href":"https:\/\/elcafedepipa.com\/index.php\/wp-json\/wp\/v2\/tags?post=28522"},{"taxonomy":"author","embeddable":true,"href":"https:\/\/elcafedepipa.com\/index.php\/wp-json\/wp\/v2\/ppma_author?post=28522"}],"curies":[{"name":"wp","href":"https:\/\/api.w.org\/{rel}","templated":true}]}}