{"id":28509,"date":"2026-09-01T14:17:01","date_gmt":"2026-09-01T12:17:01","guid":{"rendered":"https:\/\/elcafedepipa.com\/?p=28509"},"modified":"2026-09-01T14:17:16","modified_gmt":"2026-09-01T12:17:16","slug":"el-pspv-psoe-acusa-barrachina-de-confondre-la-majoria-absoluta-amb-el-dret-a-no-donar-explicacions-ni-rectificar-a-la-diputacio","status":"publish","type":"post","link":"https:\/\/elcafedepipa.com\/index.php\/2026\/09\/01\/el-pspv-psoe-acusa-barrachina-de-confondre-la-majoria-absoluta-amb-el-dret-a-no-donar-explicacions-ni-rectificar-a-la-diputacio\/","title":{"rendered":"El PSPV-PSOE acusa Barrachina de confondre la majoria absoluta amb el dret a no donar explicacions ni rectificar a la Diputaci\u00f3"},"content":{"rendered":"\n<p class=\"wp-block-paragraph\"><br><strong>Ruth Sanz denuncia la \u201cmanera arrogant\u201d de la presidenta d\u2019entendre el ple despr\u00e9s de negar-se a rectificar la falsedat sobre Valldecrist i de ridiculitzar com un \u201cexamen tipus test\u201d les 17 preguntes de fiscalitzaci\u00f3 del grup socialista<\/strong><br><strong><br><\/strong>El PSPV-PSOE de la Diputaci\u00f3 de Castell\u00f3 ha acusat este dimarts Marta Barrachina de \u201cconfondre la majoria absoluta amb una llic\u00e8ncia per a no rectificar, no respondre i riure\u2019s de qui li demana explicacions\u201d despr\u00e9s d\u2019un ple en qu\u00e8 la presidenta de la instituci\u00f3 s\u2019ha negat a corregir les falsedats difoses pel seu govern sobre la Cartoixa de Valldecrist i ha menyspreat les preguntes de fiscalitzaci\u00f3 formulades pel grup socialista.<br><br>La portaveu adjunta del PSPV-PSOE, Ruth Sanz, ha lamentat que Barrachina haja desaprofitat l\u2019oportunitat de retractar-se despr\u00e9s que els socialistes destaparen que la presidenta tenia des del 23 de juliol una comunicaci\u00f3 oficial del Govern d\u2019Espanya en qu\u00e8 se li informava que la sol\u00b7licitud del 2% Cultural per a rehabilitar l\u2019Hostaleria de Valldecrist continuava en tramitaci\u00f3. Tot i aix\u00f2, la Diputaci\u00f3 va arribar a anunciar p\u00fablicament que el Govern espanyol havia deixat Valldecrist fora de les ajudes ministerials.<br><br>\u201cNo li hem demanat que compartisca la nostra opini\u00f3 ni que ens done la ra\u00f3 en un debat pol\u00edtic. Li hem demanat que rectifique una informaci\u00f3 falsa que contradiu una carta oficial dirigida a ella mateixa i ni aix\u00ed ha sigut capa\u00e7 de fer-ho\u201d, ha afirmat Sanz.<br><br><strong>Maniobra \u201ccoenta\u201d<br><\/strong>Sanz ha qualificat de \u201cmaniobra coenta\u201d que el PP haja convocat els mitjans de comunicaci\u00f3 en acabar el ple per a lliurar-los la resoluci\u00f3 corresponent a la convocat\u00f2ria de 2023, que en tot cas no t\u00e9 res a vore amb el nou procediment en marxa sobre Valldecrist. \u201c\u00c9s una manera molt poc seriosa de tractar els periodistes: convocar-los per a ensenyar-los un document d\u2019un procediment anterior com si servira per a desmentir qu\u00e8 est\u00e0 passant amb l\u2019expedient actual. Si necessiten rec\u00f3rrer a una resoluci\u00f3 de fa tres anys per a sostindre el relat de hui, queda clar que el seu discurs fa aig\u00fces\u201d, ha assenyalat.<br><br>D\u2019altra banda, Sanz ha lamentat la \u201cmanera arrogant de Barrachina d\u2019entendre la instituci\u00f3 i la majoria absoluta\u201d i ha criticat que s\u2019haja referit entre rialles a les 17 preguntes formulades pel PSPV sobre diferents assumptes de compet\u00e8ncia i inter\u00e9s provincial com un \u201cexamen tipus test\u201d.<br><br>\u201cS\u2019ha burlat de preguntes sobre la reducci\u00f3 d\u2019un mili\u00f3 d\u2019euros en els recursos destinats a prevenci\u00f3 d\u2019incendis, les reivindicacions dels bombers davant la falta d\u2019equips de protecci\u00f3 individual i diferents q\u00fcestions relacionades amb l\u2019organitzaci\u00f3 i el funcionament dels serveis de la Diputaci\u00f3. Aix\u00f2 \u00e9s impropi d\u2019una presidenta d\u2019una instituci\u00f3 democr\u00e0tica\u201d.<br><br>\u201cLes preguntes de l\u2019oposici\u00f3 no s\u00f3n un examen per a Marta Barrachina. S\u00f3n el control democr\u00e0tic al qual est\u00e0 sotmesa qualsevol presidenta. Nosaltres no venim al ple perqu\u00e8 ens fa\u00e7a un favor contestant-nos, sin\u00f3 perqu\u00e8 fiscalitzar el govern \u00e9s la nostra obligaci\u00f3 i donar explicacions \u00e9s la seua\u201d, ha remarcat.<\/p>\n","protected":false},"excerpt":{"rendered":"<p>Ruth Sanz denuncia la \u201cmanera arrogant\u201d de la presidenta d\u2019entendre el ple despr\u00e9s de negar-se a rectificar la falsedat sobre Valldecrist i de ridiculitzar com un \u201cexamen tipus test\u201d les 17 preguntes de fiscalitzaci\u00f3 del grup socialistaEl PSPV-PSOE de la Diputaci\u00f3 de Castell\u00f3 ha acusat este dimarts Marta Barrachina de \u201cconfondre la majoria absoluta amb &#8230; <a title=\"El PSPV-PSOE acusa Barrachina de confondre la majoria absoluta amb el dret a no donar explicacions ni rectificar a la Diputaci\u00f3\" class=\"read-more\" href=\"https:\/\/elcafedepipa.com\/index.php\/2026\/09\/01\/el-pspv-psoe-acusa-barrachina-de-confondre-la-majoria-absoluta-amb-el-dret-a-no-donar-explicacions-ni-rectificar-a-la-diputacio\/\" aria-label=\"M\u00e9s informaci\u00f3 sobre El PSPV-PSOE acusa Barrachina de confondre la majoria absoluta amb el dret a no donar explicacions ni rectificar a la Diputaci\u00f3\">Read more<\/a><\/p>\n","protected":false},"author":5,"featured_media":28510,"comment_status":"closed","ping_status":"closed","sticky":false,"template":"","format":"standard","meta":{"om_disable_all_campaigns":false,"_monsterinsights_skip_tracking":false,"_uf_show_specific_survey":0,"_uf_disable_surveys":false,"slim_seo":{"title":"El PSPV-PSOE acusa Barrachina de confondre la majoria absoluta amb el dret a no donar explicacions ni rectificar a la Diputaci\u00f3 - El caf\u00e9 de Pipa","description":"Ruth Sanz denuncia la \u201cmanera arrogant\u201d de la presidenta d\u2019entendre el ple despr\u00e9s de negar-se a rectificar la falsedat sobre Valldecrist i de ridiculitzar com"},"footnotes":""},"categories":[1],"tags":[],"ppma_author":[75],"class_list":["post-28509","post","type-post","status-publish","format-standard","has-post-thumbnail","hentry","category-non-classe"],"distributor_meta":false,"distributor_terms":false,"distributor_media":false,"distributor_original_site_name":"El caf\u00e9 de Pipa","distributor_original_site_url":"https:\/\/elcafedepipa.com","push-errors":false,"authors":[{"term_id":75,"user_id":5,"is_guest":0,"slug":"vicentarnau","display_name":"Vicent Arnau Forner","avatar_url":"https:\/\/secure.gravatar.com\/avatar\/b6bbb5d9d4a2f81c9489990a7f05494fa0066b3db023740311cd0a4d00ee56fe?s=96&d=mm&r=g","author_category":"","first_name":"Vicent","last_name":"Arnau Forner","user_url":"","job_title":"","description":""}],"_links":{"self":[{"href":"https:\/\/elcafedepipa.com\/index.php\/wp-json\/wp\/v2\/posts\/28509","targetHints":{"allow":["GET"]}}],"collection":[{"href":"https:\/\/elcafedepipa.com\/index.php\/wp-json\/wp\/v2\/posts"}],"about":[{"href":"https:\/\/elcafedepipa.com\/index.php\/wp-json\/wp\/v2\/types\/post"}],"author":[{"embeddable":true,"href":"https:\/\/elcafedepipa.com\/index.php\/wp-json\/wp\/v2\/users\/5"}],"replies":[{"embeddable":true,"href":"https:\/\/elcafedepipa.com\/index.php\/wp-json\/wp\/v2\/comments?post=28509"}],"version-history":[{"count":1,"href":"https:\/\/elcafedepipa.com\/index.php\/wp-json\/wp\/v2\/posts\/28509\/revisions"}],"predecessor-version":[{"id":28511,"href":"https:\/\/elcafedepipa.com\/index.php\/wp-json\/wp\/v2\/posts\/28509\/revisions\/28511"}],"wp:featuredmedia":[{"embeddable":true,"href":"https:\/\/elcafedepipa.com\/index.php\/wp-json\/wp\/v2\/media\/28510"}],"wp:attachment":[{"href":"https:\/\/elcafedepipa.com\/index.php\/wp-json\/wp\/v2\/media?parent=28509"}],"wp:term":[{"taxonomy":"category","embeddable":true,"href":"https:\/\/elcafedepipa.com\/index.php\/wp-json\/wp\/v2\/categories?post=28509"},{"taxonomy":"post_tag","embeddable":true,"href":"https:\/\/elcafedepipa.com\/index.php\/wp-json\/wp\/v2\/tags?post=28509"},{"taxonomy":"author","embeddable":true,"href":"https:\/\/elcafedepipa.com\/index.php\/wp-json\/wp\/v2\/ppma_author?post=28509"}],"curies":[{"name":"wp","href":"https:\/\/api.w.org\/{rel}","templated":true}]}}