{"id":28506,"date":"2026-09-01T14:15:37","date_gmt":"2026-09-01T12:15:37","guid":{"rendered":"https:\/\/elcafedepipa.com\/?p=28506"},"modified":"2026-09-01T14:15:51","modified_gmt":"2026-09-01T12:15:51","slug":"manuel-valls-ex-primer-ministre-de-franca-protagonitzara-la-proxima-conferencia-del-cicle-agora-nules","status":"publish","type":"post","link":"https:\/\/elcafedepipa.com\/index.php\/2026\/09\/01\/manuel-valls-ex-primer-ministre-de-franca-protagonitzara-la-proxima-conferencia-del-cicle-agora-nules\/","title":{"rendered":"MANUEL VALLS, EX PRIMER MINISTRE DE FRAN\u00c7A PROTAGONITZAR\u00c0 LA PR\u00d2XIMA CONFER\u00c8NCIA DEL CICLE \u00c0GORA NULES"},"content":{"rendered":"\n<p class=\"wp-block-paragraph\"><strong>La&nbsp; xerrada tindr\u00e0 lloc dilluns 7 de setembre amb entrada gratu\u00efta<\/strong><\/p>\n\n\n\n<p class=\"wp-block-paragraph\">&nbsp;\u201cGuerras, inmigraci\u00f3n, inteligencia artificial, democracia \u00bfqu\u00e9 Europa queremos?\u201d \u00e9s el t\u00edtol de la xerrada que impartir\u00e0 Manuel Valls, ex Primer Ministre de Fran\u00e7a emmarcada al cicle de confer\u00e8ncies \u00c0gora Nules.<\/p>\n\n\n\n<p class=\"wp-block-paragraph\">El Teatre Alc\u00e1zar de Nules acollir\u00e0 aquesta nova cita dilluns, 7 de setembre, a les 19.00 hores, amb entrada gratu\u00efta, i en la mateixa s\u2019abordaran diferents q\u00fcestions d\u2019actualitat que afecten tota la ciutadania.<\/p>\n\n\n\n<p class=\"wp-block-paragraph\">De manera que, Manuel Valls tractar\u00e0 a Nules tots aquests assumptes, al ser una de les figures pol\u00edtiques europees m\u00e9s conegudes de les \u00faltimes d\u00e8cades, i una persona que ha viscut en primera l\u00ednia alguns dels grans desafiaments que afronta Europa.<\/p>\n\n\n\n<p class=\"wp-block-paragraph\">Amb tot, des de l\u2019Ajuntament de Nules s\u2019assenyala que aquesta nova confer\u00e8ncia portar\u00e0 al p\u00fablic assistent una visi\u00f3 basada en l\u2019experi\u00e8ncia, el coneixement i el comprom\u00eds amb Europa.<\/p>\n\n\n\n<p class=\"wp-block-paragraph\">Aquesta iniciativa impulsada per l\u2019Ajuntament de Nules compta amb la col\u00b7laboraci\u00f3 de l\u2019Associaci\u00f3 Empresarial de Nules i de la UNED Castell\u00f3-Vila-real.<\/p>\n","protected":false},"excerpt":{"rendered":"<p>La&nbsp; xerrada tindr\u00e0 lloc dilluns 7 de setembre amb entrada gratu\u00efta &nbsp;\u201cGuerras, inmigraci\u00f3n, inteligencia artificial, democracia \u00bfqu\u00e9 Europa queremos?\u201d \u00e9s el t\u00edtol de la xerrada que impartir\u00e0 Manuel Valls, ex Primer Ministre de Fran\u00e7a emmarcada al cicle de confer\u00e8ncies \u00c0gora Nules. El Teatre Alc\u00e1zar de Nules acollir\u00e0 aquesta nova cita dilluns, 7 de setembre, a &#8230; <a title=\"MANUEL VALLS, EX PRIMER MINISTRE DE FRAN\u00c7A PROTAGONITZAR\u00c0 LA PR\u00d2XIMA CONFER\u00c8NCIA DEL CICLE \u00c0GORA NULES\" class=\"read-more\" href=\"https:\/\/elcafedepipa.com\/index.php\/2026\/09\/01\/manuel-valls-ex-primer-ministre-de-franca-protagonitzara-la-proxima-conferencia-del-cicle-agora-nules\/\" aria-label=\"M\u00e9s informaci\u00f3 sobre MANUEL VALLS, EX PRIMER MINISTRE DE FRAN\u00c7A PROTAGONITZAR\u00c0 LA PR\u00d2XIMA CONFER\u00c8NCIA DEL CICLE \u00c0GORA NULES\">Read more<\/a><\/p>\n","protected":false},"author":5,"featured_media":28507,"comment_status":"closed","ping_status":"closed","sticky":false,"template":"","format":"standard","meta":{"om_disable_all_campaigns":false,"_monsterinsights_skip_tracking":false,"_uf_show_specific_survey":0,"_uf_disable_surveys":false,"slim_seo":{"title":"MANUEL VALLS, EX PRIMER MINISTRE DE FRAN\u00c7A PROTAGONITZAR\u00c0 LA PR\u00d2XIMA CONFER\u00c8NCIA DEL CICLE \u00c0GORA NULES - El caf\u00e9 de Pipa","description":"La&nbsp; xerrada tindr\u00e0 lloc dilluns 7 de setembre amb entrada gratu\u00efta &nbsp;\u201cGuerras, inmigraci\u00f3n, inteligencia artificial, democracia \u00bfqu\u00e9 Europa queremos?\u201d"},"footnotes":""},"categories":[1],"tags":[],"ppma_author":[75],"class_list":["post-28506","post","type-post","status-publish","format-standard","has-post-thumbnail","hentry","category-non-classe"],"distributor_meta":false,"distributor_terms":false,"distributor_media":false,"distributor_original_site_name":"El caf\u00e9 de Pipa","distributor_original_site_url":"https:\/\/elcafedepipa.com","push-errors":false,"authors":[{"term_id":75,"user_id":5,"is_guest":0,"slug":"vicentarnau","display_name":"Vicent Arnau Forner","avatar_url":"https:\/\/secure.gravatar.com\/avatar\/b6bbb5d9d4a2f81c9489990a7f05494fa0066b3db023740311cd0a4d00ee56fe?s=96&d=mm&r=g","author_category":"","first_name":"Vicent","last_name":"Arnau Forner","user_url":"","job_title":"","description":""}],"_links":{"self":[{"href":"https:\/\/elcafedepipa.com\/index.php\/wp-json\/wp\/v2\/posts\/28506","targetHints":{"allow":["GET"]}}],"collection":[{"href":"https:\/\/elcafedepipa.com\/index.php\/wp-json\/wp\/v2\/posts"}],"about":[{"href":"https:\/\/elcafedepipa.com\/index.php\/wp-json\/wp\/v2\/types\/post"}],"author":[{"embeddable":true,"href":"https:\/\/elcafedepipa.com\/index.php\/wp-json\/wp\/v2\/users\/5"}],"replies":[{"embeddable":true,"href":"https:\/\/elcafedepipa.com\/index.php\/wp-json\/wp\/v2\/comments?post=28506"}],"version-history":[{"count":1,"href":"https:\/\/elcafedepipa.com\/index.php\/wp-json\/wp\/v2\/posts\/28506\/revisions"}],"predecessor-version":[{"id":28508,"href":"https:\/\/elcafedepipa.com\/index.php\/wp-json\/wp\/v2\/posts\/28506\/revisions\/28508"}],"wp:featuredmedia":[{"embeddable":true,"href":"https:\/\/elcafedepipa.com\/index.php\/wp-json\/wp\/v2\/media\/28507"}],"wp:attachment":[{"href":"https:\/\/elcafedepipa.com\/index.php\/wp-json\/wp\/v2\/media?parent=28506"}],"wp:term":[{"taxonomy":"category","embeddable":true,"href":"https:\/\/elcafedepipa.com\/index.php\/wp-json\/wp\/v2\/categories?post=28506"},{"taxonomy":"post_tag","embeddable":true,"href":"https:\/\/elcafedepipa.com\/index.php\/wp-json\/wp\/v2\/tags?post=28506"},{"taxonomy":"author","embeddable":true,"href":"https:\/\/elcafedepipa.com\/index.php\/wp-json\/wp\/v2\/ppma_author?post=28506"}],"curies":[{"name":"wp","href":"https:\/\/api.w.org\/{rel}","templated":true}]}}