{"id":28501,"date":"2026-09-01T13:44:35","date_gmt":"2026-09-01T11:44:35","guid":{"rendered":"https:\/\/elcafedepipa.com\/?p=28501"},"modified":"2026-09-01T13:44:49","modified_gmt":"2026-09-01T11:44:49","slug":"la-diputacio-de-castello-sunix-per-a-reclamar-un-servei-ferroviari-digne-i-adaptat-a-les-necessitats-de-la-provincia","status":"publish","type":"post","link":"https:\/\/elcafedepipa.com\/index.php\/2026\/09\/01\/la-diputacio-de-castello-sunix-per-a-reclamar-un-servei-ferroviari-digne-i-adaptat-a-les-necessitats-de-la-provincia\/","title":{"rendered":"La Diputaci\u00f3 de Castell\u00f3 s&#8217;unix per a reclamar un servei ferroviari digne i adaptat a les necessitats de la prov\u00edncia"},"content":{"rendered":"\n<p class=\"wp-block-paragraph\"><strong>El ple aprova una Declaraci\u00f3 Institucional per a exigir la millora dels serveis ferroviaris en la zona nord castellonenc i per a la creaci\u00f3 d&#8217;una connexi\u00f3 matinal entre Castell\u00f3 i Barcelona<\/strong><\/p>\n\n\n\n<p class=\"wp-block-paragraph\">El ple ordinari corresponent al mes d&#8217;agost i celebrat este dimarts en el Palau Provincial, ha aprovat una Declaraci\u00f3 Institucional per a exigir la millora dels serveis ferroviaris en la zona nord castellonenc i per a la creaci\u00f3 d&#8217;una connexi\u00f3 matinal entre Castell\u00f3 i Barcelona.<\/p>\n\n\n\n<p class=\"wp-block-paragraph\">\u201cLa millora de les connexions ferrovi\u00e0ries \u00e9s especialment important per als municipis m\u00e9s allunyats de la capital i constitu\u00efx tamb\u00e9 una ferramenta per a combatre les desigualtats territorials i afavorir les oportunitats econ\u00f2miques i socials de les comarques del nord\u201d, ha exposat la presidenta de la Diputaci\u00f3, Marta Barrachina.<\/p>\n\n\n\n<p class=\"wp-block-paragraph\">L&#8217;escrit, acordat per tots els grups pol\u00edtics amb representaci\u00f3 en la instituci\u00f3 provincial, destaca que \u201cla mobilitat \u00e9s un dret b\u00e0sic de la ciutadania i una condici\u00f3 imprescindible per a garantir la cohesi\u00f3 territorial, l&#8217;acc\u00e9s als serveis p\u00fablics, la igualtat d&#8217;oportunitats i el desenvolupament econ\u00f2mic i social de la prov\u00edncia de Castell\u00f3\u201d.<\/p>\n\n\n\n<p class=\"wp-block-paragraph\">El corredor ferroviari mediterrani constitu\u00efx una de les principals infraestructures de transport del conjunt de l&#8217;Estat i vertebra les relacions econ\u00f2miques, socials i culturals entre les poblacions del litoral. Aix\u00ed i tot, els municipis situats entre Castell\u00f3 i Vinar\u00f2s continuen patint una oferta ferrovi\u00e0ria insuficient, especialment en les primeres hores del mat\u00ed, fet que limita les possibilitats de despla\u00e7ament per motius laborals, acad\u00e8mics, sanitaris o administratius. Per eixe motiu, \u201cresulta necessari que el primer tren amb destinaci\u00f3 Barcelona tinga origen a Castell\u00f3 i efectue parades en les principals estacions del litoral nord de la prov\u00edncia\u201d, com s\u00f3n Benic\u00e0ssim, Orpesa, Torreblanca, Alcal\u00e0 de Xivert-Alcossebre, Benicarl\u00f3, Pen\u00edscola i Vinar\u00f2s. \u201cEsta actuaci\u00f3 permetria donar servei a milers de persones usu\u00e0ries i garantir una millor connectivitat de tot el territori, refor\u00e7ant al mateix temps les relacions econ\u00f2miques, laborals, educatives i tur\u00edstiques de les comarques castellonenques amb Tarragona i Barcelona\u201d, ha comentat la dirigent provincial.<\/p>\n\n\n\n<p class=\"wp-block-paragraph\">A trav\u00e9s de la Declaraci\u00f3 Institucional, la Diputaci\u00f3 de Castell\u00f3 manifesta el seu suport a les reivindicacions dels municipis de la prov\u00edncia dirigides a millorar les freq\u00fc\u00e8ncies, els horaris, el material rodant i les connexions ferrovi\u00e0ries del corredor litoral nord. Unes reivindicacions que inclou la creaci\u00f3 de la connexi\u00f3 ferrovi\u00e0ria matinal de Castell\u00f3 a Barcelona i que este servei estiga dissenyat per a permetre l&#8217;arribada a Tarragona i Barcelona en horaris compatibles amb l&#8217;inici de les activitats laborals, acad\u00e8miques, administratives i sanit\u00e0ries.<\/p>\n\n\n\n<p class=\"wp-block-paragraph\">Tamb\u00e9 es reclama la recuperaci\u00f3 i ampliaci\u00f3 de les freq\u00fc\u00e8ncies ferrovi\u00e0ries que connecten Castell\u00f3 i el nord de la prov\u00edncia amb Tarragona, Barcelona i Val\u00e8ncia, especialment en les franges hor\u00e0ries de major demanda, i sol\u00b7licitar una planificaci\u00f3 ferrovi\u00e0ria orientada a incrementar progressivament les freq\u00fc\u00e8ncies fins a aproximar-se a l&#8217;objectiu d&#8217;un servici ferroviari cada hora en el corredor litoral entre Castell\u00f3 i Vinar\u00f2s.<\/p>\n\n\n\n<p class=\"wp-block-paragraph\">Augmentar les parades dels serveis Euromed i de llarga dist\u00e0ncia a les estacions de Benicarl\u00f3-Pen\u00edscola i Vinar\u00f2s, aix\u00ed com reclamar al Govern d&#8217;Espanya un pla de renovaci\u00f3 integral del material rodant de Rodalia de la Comunitat Valenciana, amb un calendari, pressupost i previsi\u00f3 d&#8217;incorporaci\u00f3 de trens de nova fabricaci\u00f3, s\u00f3n uns altres dels acords inclosos en la Declaraci\u00f3 Institucional. \u201cEl nostre territori necessita una aposta ferrovi\u00e0ria proporcional a la seua poblaci\u00f3, a la demanda existent i a la import\u00e0ncia estrat\u00e8gica del transport p\u00fablic per a la seua vertebraci\u00f3 territorial\u201d, ha subratllat la presidenta de la Diputaci\u00f3.<\/p>\n\n\n\n<figure class=\"wp-block-image size-large\"><img fetchpriority=\"high\" decoding=\"async\" width=\"1024\" height=\"598\" src=\"https:\/\/elcafedepipa.com\/wp-content\/uploads\/2026\/09\/pleno-ordinario-agosto-1-1024x598.jpg\" alt=\"Pleno ordinario agosto (1)\" class=\"wp-image-28503\" srcset=\"https:\/\/elcafedepipa.com\/wp-content\/uploads\/2026\/09\/pleno-ordinario-agosto-1-1024x598.jpg 1024w, https:\/\/elcafedepipa.com\/wp-content\/uploads\/2026\/09\/pleno-ordinario-agosto-1-300x175.jpg 300w, https:\/\/elcafedepipa.com\/wp-content\/uploads\/2026\/09\/pleno-ordinario-agosto-1-767x448.jpg 767w, https:\/\/elcafedepipa.com\/wp-content\/uploads\/2026\/09\/pleno-ordinario-agosto-1-1536x897.jpg 1536w, https:\/\/elcafedepipa.com\/wp-content\/uploads\/2026\/09\/pleno-ordinario-agosto-1-2048x1197.jpg 2048w\" sizes=\"(max-width: 1024px) 100vw, 1024px\" \/><\/figure>\n","protected":false},"excerpt":{"rendered":"<p>El ple aprova una Declaraci\u00f3 Institucional per a exigir la millora dels serveis ferroviaris en la zona nord castellonenc i per a la creaci\u00f3 d&#8217;una connexi\u00f3 matinal entre Castell\u00f3 i Barcelona El ple ordinari corresponent al mes d&#8217;agost i celebrat este dimarts en el Palau Provincial, ha aprovat una Declaraci\u00f3 Institucional per a exigir la &#8230; <a title=\"La Diputaci\u00f3 de Castell\u00f3 s&#8217;unix per a reclamar un servei ferroviari digne i adaptat a les necessitats de la prov\u00edncia\" class=\"read-more\" href=\"https:\/\/elcafedepipa.com\/index.php\/2026\/09\/01\/la-diputacio-de-castello-sunix-per-a-reclamar-un-servei-ferroviari-digne-i-adaptat-a-les-necessitats-de-la-provincia\/\" aria-label=\"M\u00e9s informaci\u00f3 sobre La Diputaci\u00f3 de Castell\u00f3 s&#8217;unix per a reclamar un servei ferroviari digne i adaptat a les necessitats de la prov\u00edncia\">Read more<\/a><\/p>\n","protected":false},"author":5,"featured_media":28502,"comment_status":"closed","ping_status":"closed","sticky":false,"template":"","format":"standard","meta":{"om_disable_all_campaigns":false,"_monsterinsights_skip_tracking":false,"_uf_show_specific_survey":0,"_uf_disable_surveys":false,"slim_seo":{"title":"La Diputaci\u00f3 de Castell\u00f3 s'unix per a reclamar un servei ferroviari digne i adaptat a les necessitats de la prov\u00edncia - El caf\u00e9 de Pipa","description":"El ple aprova una Declaraci\u00f3 Institucional per a exigir la millora dels serveis ferroviaris en la zona nord castellonenc i per a la creaci\u00f3 d'una connexi\u00f3 matin"},"footnotes":""},"categories":[1],"tags":[],"ppma_author":[75],"class_list":["post-28501","post","type-post","status-publish","format-standard","has-post-thumbnail","hentry","category-non-classe"],"distributor_meta":false,"distributor_terms":false,"distributor_media":false,"distributor_original_site_name":"El caf\u00e9 de Pipa","distributor_original_site_url":"https:\/\/elcafedepipa.com","push-errors":false,"authors":[{"term_id":75,"user_id":5,"is_guest":0,"slug":"vicentarnau","display_name":"Vicent Arnau Forner","avatar_url":"https:\/\/secure.gravatar.com\/avatar\/b6bbb5d9d4a2f81c9489990a7f05494fa0066b3db023740311cd0a4d00ee56fe?s=96&d=mm&r=g","author_category":"","first_name":"Vicent","last_name":"Arnau Forner","user_url":"","job_title":"","description":""}],"_links":{"self":[{"href":"https:\/\/elcafedepipa.com\/index.php\/wp-json\/wp\/v2\/posts\/28501","targetHints":{"allow":["GET"]}}],"collection":[{"href":"https:\/\/elcafedepipa.com\/index.php\/wp-json\/wp\/v2\/posts"}],"about":[{"href":"https:\/\/elcafedepipa.com\/index.php\/wp-json\/wp\/v2\/types\/post"}],"author":[{"embeddable":true,"href":"https:\/\/elcafedepipa.com\/index.php\/wp-json\/wp\/v2\/users\/5"}],"replies":[{"embeddable":true,"href":"https:\/\/elcafedepipa.com\/index.php\/wp-json\/wp\/v2\/comments?post=28501"}],"version-history":[{"count":1,"href":"https:\/\/elcafedepipa.com\/index.php\/wp-json\/wp\/v2\/posts\/28501\/revisions"}],"predecessor-version":[{"id":28504,"href":"https:\/\/elcafedepipa.com\/index.php\/wp-json\/wp\/v2\/posts\/28501\/revisions\/28504"}],"wp:featuredmedia":[{"embeddable":true,"href":"https:\/\/elcafedepipa.com\/index.php\/wp-json\/wp\/v2\/media\/28502"}],"wp:attachment":[{"href":"https:\/\/elcafedepipa.com\/index.php\/wp-json\/wp\/v2\/media?parent=28501"}],"wp:term":[{"taxonomy":"category","embeddable":true,"href":"https:\/\/elcafedepipa.com\/index.php\/wp-json\/wp\/v2\/categories?post=28501"},{"taxonomy":"post_tag","embeddable":true,"href":"https:\/\/elcafedepipa.com\/index.php\/wp-json\/wp\/v2\/tags?post=28501"},{"taxonomy":"author","embeddable":true,"href":"https:\/\/elcafedepipa.com\/index.php\/wp-json\/wp\/v2\/ppma_author?post=28501"}],"curies":[{"name":"wp","href":"https:\/\/api.w.org\/{rel}","templated":true}]}}