{"id":28496,"date":"2026-09-01T13:26:40","date_gmt":"2026-09-01T11:26:40","guid":{"rendered":"https:\/\/elcafedepipa.com\/?p=28496"},"modified":"2026-09-01T13:26:55","modified_gmt":"2026-09-01T11:26:55","slug":"lajuntament-inverteix-63-000-euros-en-millores-en-la-piscina-coberta-amb-un-nou-bany-de-vapor-un-espai-de-socorrisme-i-la-renovacio-del-sistema-de-filtrat","status":"publish","type":"post","link":"https:\/\/elcafedepipa.com\/index.php\/2026\/09\/01\/lajuntament-inverteix-63-000-euros-en-millores-en-la-piscina-coberta-amb-un-nou-bany-de-vapor-un-espai-de-socorrisme-i-la-renovacio-del-sistema-de-filtrat\/","title":{"rendered":"L&#8217;Ajuntament inverteix 63.000 euros en millores en la piscina coberta amb un nou bany de vapor, un espai de socorrisme i la renovaci\u00f3 del sistema de filtrat"},"content":{"rendered":"\n<p class=\"wp-block-paragraph\"><strong>L&#8217;alcaldessa Tania Ba\u00f1os i el regidor delegat Javier Ferreres han destacat que enguany ja s&#8217;han invertit 135.000 euros en la instal\u00b7laci\u00f3, \u201cla qual cosa demostra el bon estat de salut de l&#8217;empresa p\u00fablica Emsevall, que fa 11 anys ens trobem en la ru\u00efna i amb un mili\u00f3 d&#8217;euros en deutes\u201d<\/strong><\/p>\n\n\n\n<p class=\"wp-block-paragraph\">La Piscina Coberta Municipal de la Vall d&#8217;Uix\u00f3 inicia la nova temporada amb importants millores despr\u00e9s d&#8217;una inversi\u00f3 de 63.000 euros per part de Emsevall, l&#8217;empresa p\u00fablica municipal encarregada de la seua gesti\u00f3. Les actuacions s&#8217;han aprofitat per a executar durant el mes d&#8217;agost, coincidint amb la parada t\u00e8cnica anual, les obres i treballs de manteniment que no es poden realitzar mentre la instal\u00b7laci\u00f3 est\u00e0 en funcionament.<\/p>\n\n\n\n<p class=\"wp-block-paragraph\">L&#8217;alcaldessa de la ciutat, <strong>Tania Ba\u00f1os<\/strong>, ha explicat que \u201centre les principals actuacions destaca la reinstal\u00b7laci\u00f3 del bany de vapor, una de les demandes m\u00e9s habituals dels usuaris, aix\u00ed com la creaci\u00f3 d&#8217;un nou espai de socorrisme, que millora tant l&#8217;atenci\u00f3 als usuaris com les condicions de treball dels professionals\u201d.<\/p>\n\n\n\n<p class=\"wp-block-paragraph\">Aquestes dues actuacions han suposat una inversi\u00f3 conjunta de 39.000 euros i permeten ampliar l&#8217;oferta de serveis de la piscina i modernitzar un espai fonamental per a garantir una resposta adequada davant qualsevol incid\u00e8ncia.<\/p>\n\n\n\n<p class=\"wp-block-paragraph\">El conseller delegat de Emsevall,<strong> Javier Ferreres<\/strong>, ha destacat que \u201cenguany hem aprofitat la parada t\u00e8cnica d&#8217;agost per a continuar millorant una instal\u00b7laci\u00f3 que t\u00e9 una mitjana de 2.000 usuaris cada mes\u201d.<\/p>\n\n\n\n<p class=\"wp-block-paragraph\">Durant la parada t\u00e8cnica tamb\u00e9 s&#8217;ha executat una actuaci\u00f3 d&#8217;urg\u00e8ncia en el sistema de filtrat de les piscines, amb una inversi\u00f3 de 24.000 euros. Els treballs han consistit en l&#8217;extracci\u00f3 de l&#8217;arena dels filtres, la reparaci\u00f3 dels elements de filtraci\u00f3 i la substituci\u00f3 de l&#8217;antic material filtrant per vidre filtrant, un sistema m\u00e9s modern, durador i eficient.<\/p>\n\n\n\n<p class=\"wp-block-paragraph\">\u201c\u00c9s una actuaci\u00f3 que no es veu, per\u00f2 que \u00e9s fonamental per a garantir que l&#8217;aigua es mantinga en les millors condicions\u201d, ha explicat<strong> Ferreres<\/strong>, qui ha remarcat que aquesta intervenci\u00f3 \u201cno estava prevista inicialment, per\u00f2 detectem la necessitat i actuem pr\u00e0cticament d&#8217;urg\u00e8ncia aprofitant el mes d&#8217;agost\u201d.<\/p>\n\n\n\n<p class=\"wp-block-paragraph\"><strong>Tania Ba\u00f1os<\/strong> ha posat en valor la capacitat de Emsevall per a assumir aquestes inversions, que enguany ja superen els 135.000 euros, i ha destacat el canvi experimentat per l&#8217;empresa municipal durant els \u00faltims anys. \u201cEns trobem una empresa en una situaci\u00f3 econ\u00f2mica i financera molt complicada en mans de l&#8217;anterior govern i hem aconseguit reflotar-la fins al punt que ara t\u00e9 capacitat per a invertir i per a millorar els serveis p\u00fablics que gestiona\u201d, ha afirmat.<\/p>\n\n\n\n<p class=\"wp-block-paragraph\"><strong>Ba\u00f1os <\/strong>ha assenyalat que aquestes inversions formen part de l&#8217;aposta del govern municipal per una gesti\u00f3 p\u00fablica i eficient dels serveis municipals, i ha posat com a exemple la recent posada en funcionament del parc aqu\u00e0tic Aquacoves, gestionat tamb\u00e9 directament per Emsevall. \u201cEstem demostrant que una empresa p\u00fablica municipal amb una bona gesti\u00f3 t\u00e9 capacitat per a invertir, millorar els serveis i mirar al futur\u201d, ha concl\u00f2s l&#8217;alcaldessa.<\/p>\n\n\n\n<figure class=\"wp-block-image size-large\"><img fetchpriority=\"high\" decoding=\"async\" width=\"1024\" height=\"768\" src=\"https:\/\/elcafedepipa.com\/wp-content\/uploads\/2026\/09\/Bano-turco-1024x768.jpg\" alt=\"Ba\u00f1o turco\" class=\"wp-image-28498\" srcset=\"https:\/\/elcafedepipa.com\/wp-content\/uploads\/2026\/09\/Bano-turco-1024x768.jpg 1024w, https:\/\/elcafedepipa.com\/wp-content\/uploads\/2026\/09\/Bano-turco-300x225.jpg 300w, https:\/\/elcafedepipa.com\/wp-content\/uploads\/2026\/09\/Bano-turco-768x576.jpg 768w, https:\/\/elcafedepipa.com\/wp-content\/uploads\/2026\/09\/Bano-turco-1536x1152.jpg 1536w, https:\/\/elcafedepipa.com\/wp-content\/uploads\/2026\/09\/Bano-turco.jpg 2048w\" sizes=\"(max-width: 1024px) 100vw, 1024px\" \/><\/figure>\n","protected":false},"excerpt":{"rendered":"<p>L&#8217;alcaldessa Tania Ba\u00f1os i el regidor delegat Javier Ferreres han destacat que enguany ja s&#8217;han invertit 135.000 euros en la instal\u00b7laci\u00f3, \u201cla qual cosa demostra el bon estat de salut de l&#8217;empresa p\u00fablica Emsevall, que fa 11 anys ens trobem en la ru\u00efna i amb un mili\u00f3 d&#8217;euros en deutes\u201d La Piscina Coberta Municipal de &#8230; <a title=\"L&#8217;Ajuntament inverteix 63.000 euros en millores en la piscina coberta amb un nou bany de vapor, un espai de socorrisme i la renovaci\u00f3 del sistema de filtrat\" class=\"read-more\" href=\"https:\/\/elcafedepipa.com\/index.php\/2026\/09\/01\/lajuntament-inverteix-63-000-euros-en-millores-en-la-piscina-coberta-amb-un-nou-bany-de-vapor-un-espai-de-socorrisme-i-la-renovacio-del-sistema-de-filtrat\/\" aria-label=\"M\u00e9s informaci\u00f3 sobre L&#8217;Ajuntament inverteix 63.000 euros en millores en la piscina coberta amb un nou bany de vapor, un espai de socorrisme i la renovaci\u00f3 del sistema de filtrat\">Read more<\/a><\/p>\n","protected":false},"author":5,"featured_media":28499,"comment_status":"closed","ping_status":"closed","sticky":false,"template":"","format":"standard","meta":{"om_disable_all_campaigns":false,"_monsterinsights_skip_tracking":false,"_uf_show_specific_survey":0,"_uf_disable_surveys":false,"slim_seo":{"title":"L'Ajuntament inverteix 63.000 euros en millores en la piscina coberta amb un nou bany de vapor, un espai de socorrisme i la renovaci\u00f3 del sistema de filtrat - El caf\u00e9 de Pipa","description":"L'alcaldessa Tania Ba\u00f1os i el regidor delegat Javier Ferreres han destacat que enguany ja s'han invertit 135.000 euros en la instal\u00b7laci\u00f3, \u201cla qual cosa demostr"},"footnotes":""},"categories":[1],"tags":[],"ppma_author":[75],"class_list":["post-28496","post","type-post","status-publish","format-standard","has-post-thumbnail","hentry","category-non-classe"],"distributor_meta":false,"distributor_terms":false,"distributor_media":false,"distributor_original_site_name":"El caf\u00e9 de Pipa","distributor_original_site_url":"https:\/\/elcafedepipa.com","push-errors":false,"authors":[{"term_id":75,"user_id":5,"is_guest":0,"slug":"vicentarnau","display_name":"Vicent Arnau Forner","avatar_url":"https:\/\/secure.gravatar.com\/avatar\/b6bbb5d9d4a2f81c9489990a7f05494fa0066b3db023740311cd0a4d00ee56fe?s=96&d=mm&r=g","author_category":"","first_name":"Vicent","last_name":"Arnau Forner","user_url":"","job_title":"","description":""}],"_links":{"self":[{"href":"https:\/\/elcafedepipa.com\/index.php\/wp-json\/wp\/v2\/posts\/28496","targetHints":{"allow":["GET"]}}],"collection":[{"href":"https:\/\/elcafedepipa.com\/index.php\/wp-json\/wp\/v2\/posts"}],"about":[{"href":"https:\/\/elcafedepipa.com\/index.php\/wp-json\/wp\/v2\/types\/post"}],"author":[{"embeddable":true,"href":"https:\/\/elcafedepipa.com\/index.php\/wp-json\/wp\/v2\/users\/5"}],"replies":[{"embeddable":true,"href":"https:\/\/elcafedepipa.com\/index.php\/wp-json\/wp\/v2\/comments?post=28496"}],"version-history":[{"count":1,"href":"https:\/\/elcafedepipa.com\/index.php\/wp-json\/wp\/v2\/posts\/28496\/revisions"}],"predecessor-version":[{"id":28500,"href":"https:\/\/elcafedepipa.com\/index.php\/wp-json\/wp\/v2\/posts\/28496\/revisions\/28500"}],"wp:featuredmedia":[{"embeddable":true,"href":"https:\/\/elcafedepipa.com\/index.php\/wp-json\/wp\/v2\/media\/28499"}],"wp:attachment":[{"href":"https:\/\/elcafedepipa.com\/index.php\/wp-json\/wp\/v2\/media?parent=28496"}],"wp:term":[{"taxonomy":"category","embeddable":true,"href":"https:\/\/elcafedepipa.com\/index.php\/wp-json\/wp\/v2\/categories?post=28496"},{"taxonomy":"post_tag","embeddable":true,"href":"https:\/\/elcafedepipa.com\/index.php\/wp-json\/wp\/v2\/tags?post=28496"},{"taxonomy":"author","embeddable":true,"href":"https:\/\/elcafedepipa.com\/index.php\/wp-json\/wp\/v2\/ppma_author?post=28496"}],"curies":[{"name":"wp","href":"https:\/\/api.w.org\/{rel}","templated":true}]}}