{"id":28488,"date":"2026-09-01T11:34:38","date_gmt":"2026-09-01T09:34:38","guid":{"rendered":"https:\/\/elcafedepipa.com\/?p=28488"},"modified":"2026-09-01T11:34:55","modified_gmt":"2026-09-01T09:34:55","slug":"les-joventuts-de-compromis-a-les-comarques-de-castello-presenten-una-campanya-per-plantar-cara-a-la-precarietat-juvenil","status":"publish","type":"post","link":"https:\/\/elcafedepipa.com\/index.php\/2026\/09\/01\/les-joventuts-de-compromis-a-les-comarques-de-castello-presenten-una-campanya-per-plantar-cara-a-la-precarietat-juvenil\/","title":{"rendered":"Les joventuts de Comprom\u00eds a les Comarques de Castell\u00f3 presenten una campanya per plantar cara a la precarietat juvenil."},"content":{"rendered":"\n<p class=\"wp-block-paragraph\">Joves PV \u2013 Comprom\u00eds a les Comarques de Castell\u00f3 han presentat hui la iniciativa \u201cCom ***** hem arribat fins ac\u00ed?\u201d, una campanya amb la qual busquen posar el focus en les condicions de precarietat que, segons expliquen, afecten de manera generalitzada les noves generacions.<\/p>\n\n\n\n<p class=\"wp-block-paragraph\">Segons el secretari de l\u2019organitzaci\u00f3, Guillem Roig, l\u2019objectiu \u00e9s obrir un espai de reflexi\u00f3 p\u00fablica sobre les dificultats que afronta la joventut en \u00e0mbits com l\u2019acc\u00e9s a l\u2019habitatge, l\u2019estabilitat laboral o les oportunitats de futur. La campanya inclour\u00e0 accions informatives i activitats de sensibilitzaci\u00f3 al llarg de les pr\u00f2ximes setmanes.<\/p>\n\n\n\n<p class=\"wp-block-paragraph\">Des de Joves PV \u2013 Comprom\u00eds Comarques del Nord assenyalen que la iniciativa pret\u00e9n \u201cvisibilitzar una realitat que moltes persones joves viuen cada dia\u201d i fomentar el debat social al voltant de les condicions materials que condicionen el seu present i futur.<br><\/p>\n","protected":false},"excerpt":{"rendered":"<p>Joves PV \u2013 Comprom\u00eds a les Comarques de Castell\u00f3 han presentat hui la iniciativa \u201cCom ***** hem arribat fins ac\u00ed?\u201d, una campanya amb la qual busquen posar el focus en les condicions de precarietat que, segons expliquen, afecten de manera generalitzada les noves generacions. Segons el secretari de l\u2019organitzaci\u00f3, Guillem Roig, l\u2019objectiu \u00e9s obrir un &#8230; <a title=\"Les joventuts de Comprom\u00eds a les Comarques de Castell\u00f3 presenten una campanya per plantar cara a la precarietat juvenil.\" class=\"read-more\" href=\"https:\/\/elcafedepipa.com\/index.php\/2026\/09\/01\/les-joventuts-de-compromis-a-les-comarques-de-castello-presenten-una-campanya-per-plantar-cara-a-la-precarietat-juvenil\/\" aria-label=\"M\u00e9s informaci\u00f3 sobre Les joventuts de Comprom\u00eds a les Comarques de Castell\u00f3 presenten una campanya per plantar cara a la precarietat juvenil.\">Read more<\/a><\/p>\n","protected":false},"author":5,"featured_media":28489,"comment_status":"closed","ping_status":"closed","sticky":false,"template":"","format":"standard","meta":{"om_disable_all_campaigns":false,"_monsterinsights_skip_tracking":false,"_uf_show_specific_survey":0,"_uf_disable_surveys":false,"slim_seo":{"title":"Les joventuts de Comprom\u00eds a les Comarques de Castell\u00f3 presenten una campanya per plantar cara a la precarietat juvenil. - El caf\u00e9 de Pipa","description":"Joves PV \u2013 Comprom\u00eds a les Comarques de Castell\u00f3 han presentat hui la iniciativa \u201cCom ***** hem arribat fins ac\u00ed?\u201d, una campanya amb la qual busquen posar el fo"},"footnotes":""},"categories":[1],"tags":[],"ppma_author":[75],"class_list":["post-28488","post","type-post","status-publish","format-standard","has-post-thumbnail","hentry","category-non-classe"],"distributor_meta":false,"distributor_terms":false,"distributor_media":false,"distributor_original_site_name":"El caf\u00e9 de Pipa","distributor_original_site_url":"https:\/\/elcafedepipa.com","push-errors":false,"authors":[{"term_id":75,"user_id":5,"is_guest":0,"slug":"vicentarnau","display_name":"Vicent Arnau Forner","avatar_url":"https:\/\/secure.gravatar.com\/avatar\/b6bbb5d9d4a2f81c9489990a7f05494fa0066b3db023740311cd0a4d00ee56fe?s=96&d=mm&r=g","author_category":"","first_name":"Vicent","last_name":"Arnau Forner","user_url":"","job_title":"","description":""}],"_links":{"self":[{"href":"https:\/\/elcafedepipa.com\/index.php\/wp-json\/wp\/v2\/posts\/28488","targetHints":{"allow":["GET"]}}],"collection":[{"href":"https:\/\/elcafedepipa.com\/index.php\/wp-json\/wp\/v2\/posts"}],"about":[{"href":"https:\/\/elcafedepipa.com\/index.php\/wp-json\/wp\/v2\/types\/post"}],"author":[{"embeddable":true,"href":"https:\/\/elcafedepipa.com\/index.php\/wp-json\/wp\/v2\/users\/5"}],"replies":[{"embeddable":true,"href":"https:\/\/elcafedepipa.com\/index.php\/wp-json\/wp\/v2\/comments?post=28488"}],"version-history":[{"count":1,"href":"https:\/\/elcafedepipa.com\/index.php\/wp-json\/wp\/v2\/posts\/28488\/revisions"}],"predecessor-version":[{"id":28490,"href":"https:\/\/elcafedepipa.com\/index.php\/wp-json\/wp\/v2\/posts\/28488\/revisions\/28490"}],"wp:featuredmedia":[{"embeddable":true,"href":"https:\/\/elcafedepipa.com\/index.php\/wp-json\/wp\/v2\/media\/28489"}],"wp:attachment":[{"href":"https:\/\/elcafedepipa.com\/index.php\/wp-json\/wp\/v2\/media?parent=28488"}],"wp:term":[{"taxonomy":"category","embeddable":true,"href":"https:\/\/elcafedepipa.com\/index.php\/wp-json\/wp\/v2\/categories?post=28488"},{"taxonomy":"post_tag","embeddable":true,"href":"https:\/\/elcafedepipa.com\/index.php\/wp-json\/wp\/v2\/tags?post=28488"},{"taxonomy":"author","embeddable":true,"href":"https:\/\/elcafedepipa.com\/index.php\/wp-json\/wp\/v2\/ppma_author?post=28488"}],"curies":[{"name":"wp","href":"https:\/\/api.w.org\/{rel}","templated":true}]}}