{"id":28484,"date":"2026-09-01T11:31:23","date_gmt":"2026-09-01T09:31:23","guid":{"rendered":"https:\/\/elcafedepipa.com\/?p=28484"},"modified":"2026-09-01T11:31:40","modified_gmt":"2026-09-01T09:31:40","slug":"la-generalitat-reclama-al-govern-central-accelerar-la-regeneracio-de-la-costa-castello-sagunt-i-demana-garantir-els-drets-dels-ciutadans","status":"publish","type":"post","link":"https:\/\/elcafedepipa.com\/index.php\/2026\/09\/01\/la-generalitat-reclama-al-govern-central-accelerar-la-regeneracio-de-la-costa-castello-sagunt-i-demana-garantir-els-drets-dels-ciutadans\/","title":{"rendered":"La Generalitat reclama al Govern central accelerar la regeneraci\u00f3 de la costa Castell\u00f3-Sagunt i demana garantir els drets dels ciutadans"},"content":{"rendered":"\n<p class=\"wp-block-paragraph\"><strong>El vicepresident tercer es reuneix a Moncofa amb ve\u00efns afectats per les delimitacions i dona la benvinguda a la nova associaci\u00f3 Federaci\u00f3 Mar Nostra<\/strong><\/p>\n\n\n\n<p class=\"wp-block-paragraph\"><strong>Mart\u00ednez Mus defensa una \u201cresposta conjunta\u201d enfront de la regressi\u00f3 litoral i reclama seguretat jur\u00eddica per als afectats per les delimitacions<\/strong><\/p>\n\n\n\n<p class=\"wp-block-paragraph\">El vicepresident tercer i conseller de Medi Ambient, Infraestructures, Territori i de la Recuperaci\u00f3, <strong>Vicente Mart\u00ednez Mus<\/strong>, ha reclamat al Govern central que escolte la ciutadania de la costa de la Comunitat Valenciana i duga a terme una gesti\u00f3 del litoral que combine la protecci\u00f3 ambiental, la regeneraci\u00f3 efectiva de la costa, la seguretat jur\u00eddica i el respecte als drets dels ciutadans afectats.<\/p>\n\n\n\n<p class=\"wp-block-paragraph\">Aix\u00ed ho ha assenyalat el vicepresident despr\u00e9s de reunir-se amb ve\u00efns afectats per les delimitacions de la costa i donar la benvinguda a la <strong>Federaci\u00f3 Mar Nostra<\/strong>, una organitzaci\u00f3 que naix per a unir a municipis, associacions i ve\u00efns afectats per la regressi\u00f3 costanera en el litoral compr\u00e9s entre Castell\u00f3 i Sagunt. Tots els participants en la trobada han coincidit en la \u201cmala aplicaci\u00f3\u201d de la llei estatal de Costas per part del Govern, que genera situacions injustes en molts de les delimitacions executades.<\/p>\n\n\n\n<p class=\"wp-block-paragraph\">Durant la trobada, <strong>Mart\u00ednez Mus<\/strong> ha destacat que la constituci\u00f3 d&#8217;aquesta federaci\u00f3 \u201cdona bon compte que els problemes de la nostra costa ja no poden abordar-se municipi a municipi\u201d, ja que la regressi\u00f3 litoral, la p\u00e8rdua de platges i l&#8217;alteraci\u00f3 del transport natural de sediments afecten el conjunt del sistema costaner i \u201cexigeixen una resposta conjunta\u201d.<\/p>\n\n\n\n<p class=\"wp-block-paragraph\">\u201cCompartim la idea que inspira aquesta federaci\u00f3: la costa ha d&#8217;entendre&#8217;s com un espai \u00fanic, continu i interconnectat, on les actuacions que es realitzen en un punt tenen conseq\u00fc\u00e8ncies sobre la resta del litoral\u201d, ha assenyalat el vicepresident tercer.<\/p>\n\n\n\n<p class=\"wp-block-paragraph\"><strong>Un dels trams m\u00e9s afectats<\/strong><\/p>\n\n\n\n<p class=\"wp-block-paragraph\">Durant la trobada s&#8217;ha exposat que dues dels cinc trams m\u00e9s afectats per la regressi\u00f3 costanera de tota Espanya es troben en la Comunitat Valenciana. Un d&#8217;ells \u00e9s precisament el compr\u00e9s entre Castell\u00f3 i Sagunt.<\/p>\n\n\n\n<p class=\"wp-block-paragraph\">El vicepresident tercer ha assenyalat que la Generalitat porta anys reclamant a l&#8217;Estat l&#8217;execuci\u00f3 de les actuacions pendents per a protegir la costa. En el cas del tram Castell\u00f3-Sagunt, existeix una estrat\u00e8gia aprovada en 2015 que contempla m\u00e9s d&#8217;una vintena d&#8217;actuacions que segueixen sense executar-se.<\/p>\n\n\n\n<p class=\"wp-block-paragraph\">A m\u00e9s, s&#8217;ha reiterat el rebuig de la Generalitat a la modificaci\u00f3 del Reglament General de Costas plantejada pel Govern, en considerar que introdueix canvis d&#8217;enorme transcend\u00e8ncia sense les suficients garanties t\u00e8cniques i jur\u00eddiques. La reforma proposada permet que un \u00fanic temporal excepcional puga servir de refer\u00e8ncia per a determinar delimitacions de manera permanent, substituint un criteri t\u00e8cnic consolidat durant d\u00e8cades basat en fen\u00f2mens reiterats.<\/p>\n\n\n\n<p class=\"wp-block-paragraph\">En aquest context, ha defensat que qualsevol actuaci\u00f3 sobre el domini p\u00fablic mar\u00edtim-terrestre ha de sustentar-se en criteris t\u00e8cnics rigorosos, objectius i consolidats en el temps, oferint certitud a ciutadans, ajuntaments i activitats econ\u00f2miques. \u201cla Generalitat ja ha presentat al\u00b7legacions al projecte normatiu estatal i continuar\u00e0 defensant els interessos de la Comunitat Valenciana davant totes les inst\u00e0ncies necess\u00e0ries\u201d, ha concl\u00f2s <strong>Mart\u00ednez Mus<\/strong>.<\/p>\n\n\n\n<p class=\"wp-block-paragraph\"><\/p>\n","protected":false},"excerpt":{"rendered":"<p>El vicepresident tercer es reuneix a Moncofa amb ve\u00efns afectats per les delimitacions i dona la benvinguda a la nova associaci\u00f3 Federaci\u00f3 Mar Nostra Mart\u00ednez Mus defensa una \u201cresposta conjunta\u201d enfront de la regressi\u00f3 litoral i reclama seguretat jur\u00eddica per als afectats per les delimitacions El vicepresident tercer i conseller de Medi Ambient, Infraestructures, Territori &#8230; <a title=\"La Generalitat reclama al Govern central accelerar la regeneraci\u00f3 de la costa Castell\u00f3-Sagunt i demana garantir els drets dels ciutadans\" class=\"read-more\" href=\"https:\/\/elcafedepipa.com\/index.php\/2026\/09\/01\/la-generalitat-reclama-al-govern-central-accelerar-la-regeneracio-de-la-costa-castello-sagunt-i-demana-garantir-els-drets-dels-ciutadans\/\" aria-label=\"M\u00e9s informaci\u00f3 sobre La Generalitat reclama al Govern central accelerar la regeneraci\u00f3 de la costa Castell\u00f3-Sagunt i demana garantir els drets dels ciutadans\">Read more<\/a><\/p>\n","protected":false},"author":5,"featured_media":28486,"comment_status":"closed","ping_status":"closed","sticky":false,"template":"","format":"standard","meta":{"om_disable_all_campaigns":false,"_monsterinsights_skip_tracking":false,"_uf_show_specific_survey":0,"_uf_disable_surveys":false,"slim_seo":{"title":"La Generalitat reclama al Govern central accelerar la regeneraci\u00f3 de la costa Castell\u00f3-Sagunt i demana garantir els drets dels ciutadans - El caf\u00e9 de Pipa","description":"El vicepresident tercer es reuneix a Moncofa amb ve\u00efns afectats per les delimitacions i dona la benvinguda a la nova associaci\u00f3 Federaci\u00f3 Mar Nostra Mart\u00ednez Mu"},"footnotes":""},"categories":[1],"tags":[],"ppma_author":[75],"class_list":["post-28484","post","type-post","status-publish","format-standard","has-post-thumbnail","hentry","category-non-classe"],"distributor_meta":false,"distributor_terms":false,"distributor_media":false,"distributor_original_site_name":"El caf\u00e9 de Pipa","distributor_original_site_url":"https:\/\/elcafedepipa.com","push-errors":false,"authors":[{"term_id":75,"user_id":5,"is_guest":0,"slug":"vicentarnau","display_name":"Vicent Arnau Forner","avatar_url":"https:\/\/secure.gravatar.com\/avatar\/b6bbb5d9d4a2f81c9489990a7f05494fa0066b3db023740311cd0a4d00ee56fe?s=96&d=mm&r=g","author_category":"","first_name":"Vicent","last_name":"Arnau Forner","user_url":"","job_title":"","description":""}],"_links":{"self":[{"href":"https:\/\/elcafedepipa.com\/index.php\/wp-json\/wp\/v2\/posts\/28484","targetHints":{"allow":["GET"]}}],"collection":[{"href":"https:\/\/elcafedepipa.com\/index.php\/wp-json\/wp\/v2\/posts"}],"about":[{"href":"https:\/\/elcafedepipa.com\/index.php\/wp-json\/wp\/v2\/types\/post"}],"author":[{"embeddable":true,"href":"https:\/\/elcafedepipa.com\/index.php\/wp-json\/wp\/v2\/users\/5"}],"replies":[{"embeddable":true,"href":"https:\/\/elcafedepipa.com\/index.php\/wp-json\/wp\/v2\/comments?post=28484"}],"version-history":[{"count":1,"href":"https:\/\/elcafedepipa.com\/index.php\/wp-json\/wp\/v2\/posts\/28484\/revisions"}],"predecessor-version":[{"id":28487,"href":"https:\/\/elcafedepipa.com\/index.php\/wp-json\/wp\/v2\/posts\/28484\/revisions\/28487"}],"wp:featuredmedia":[{"embeddable":true,"href":"https:\/\/elcafedepipa.com\/index.php\/wp-json\/wp\/v2\/media\/28486"}],"wp:attachment":[{"href":"https:\/\/elcafedepipa.com\/index.php\/wp-json\/wp\/v2\/media?parent=28484"}],"wp:term":[{"taxonomy":"category","embeddable":true,"href":"https:\/\/elcafedepipa.com\/index.php\/wp-json\/wp\/v2\/categories?post=28484"},{"taxonomy":"post_tag","embeddable":true,"href":"https:\/\/elcafedepipa.com\/index.php\/wp-json\/wp\/v2\/tags?post=28484"},{"taxonomy":"author","embeddable":true,"href":"https:\/\/elcafedepipa.com\/index.php\/wp-json\/wp\/v2\/ppma_author?post=28484"}],"curies":[{"name":"wp","href":"https:\/\/api.w.org\/{rel}","templated":true}]}}