{"id":28467,"date":"2026-08-31T19:30:05","date_gmt":"2026-08-31T17:30:05","guid":{"rendered":"https:\/\/elcafedepipa.com\/?p=28467"},"modified":"2026-08-31T19:30:05","modified_gmt":"2026-08-31T17:30:05","slug":"agricultura-simplifica-els-procediments-sanitaris-en-els-festejos-taurins-per-a-reforcar-la-sanitat-i-el-benestar-animal","status":"publish","type":"post","link":"https:\/\/elcafedepipa.com\/index.php\/2026\/08\/31\/agricultura-simplifica-els-procediments-sanitaris-en-els-festejos-taurins-per-a-reforcar-la-sanitat-i-el-benestar-animal\/","title":{"rendered":"Agricultura simplifica els procediments sanitaris en els festejos taurins per a refor\u00e7ar la sanitat i el benestar animal"},"content":{"rendered":"\n<h1 class=\"wp-block-heading\"><\/h1>\n\n\n\n<p class=\"wp-block-paragraph\"><\/p>\n\n\n\n<ul class=\"wp-block-list\">\n<li>Es modifica el Decret 82\/2025 per a agilitzar les inspeccions veterin\u00e0ries en els <em>bous al carrer<\/em> i en els espectacles en places de bous.<\/li>\n\n\n\n<li>La nova regulaci\u00f3 amplia la capacitat autoritzada dels vehicles de transport de bous de l\u00eddia per a reduir l&#8217;estr\u00e9s t\u00e8rmic i respondre a les demandes del sector ramader.<\/li>\n<\/ul>\n\n\n\n<p class=\"wp-block-paragraph\"><strong>Val\u00e8ncia (30\/08\/2026).<\/strong> La Conselleria d\u2019Agricultura, Aigua, Ramaderia i Pesca ha aprovat la modificaci\u00f3 del Decret 82\/2025 amb l&#8217;objectiu de simplificar els tr\u00e0mits sanitaris que s&#8217;apliquen als festejos taurins. La mesura busca refor\u00e7ar les condicions de sanitat i benestar dels animals de l\u00eddia, alhora que agilitza la gesti\u00f3 administrativa i facilita el desenvolupament d&#8217;estes celebracions amb totes les garanties legals i sanit\u00e0ries.<\/p>\n\n\n\n<p class=\"wp-block-paragraph\">La directora general de Producci\u00f3 Agr\u00edcola i Ramadera, M\u00aa \u00c0ngels Ram\u00f3n-Ll\u00edn, ha destacat que \u00abamb esta modificaci\u00f3 continuem avan\u00e7ant en la simplificaci\u00f3 dels procediments administratius, oferint solucions que faciliten el treball dels professionals sense renunciar a les m\u00e0ximes garanties sanit\u00e0ries i de benestar animal\u00bb.<\/p>\n\n\n\n<h3 class=\"wp-block-heading\">Delegaci\u00f3 de funcions veterin\u00e0ries<\/h3>\n\n\n\n<p class=\"wp-block-paragraph\">Entre les principals novetats, el canvi normatiu incorpora un nou sistema de delegaci\u00f3 de funcions veterin\u00e0ries per a dur a terme la inspecci\u00f3 ante mortem en els casos de sacrificis d&#8217;urg\u00e8ncia que puguen esdevindre&#8217;s durant els festejos tradicionals de bous al carrer o en espectacles en places de bous. Fins ara, esta opci\u00f3 nom\u00e9s estava contemplada per a les explotacions ramaderes.<\/p>\n\n\n\n<p class=\"wp-block-paragraph\">Amb este mecanisme s&#8217;evitaran demores en les actuacions veterin\u00e0ries, garantint el compliment estricte de la normativa en mat\u00e8ria d&#8217;higiene i protecci\u00f3 animal. A m\u00e9s, la Generalitat ja ha habilitat la tramitaci\u00f3 telem\u00e0tica perqu\u00e8 els professionals puguen sol\u00b7licitar estes autoritzacions de manera r\u00e0pida i adaptada a les necessitats municipals.<\/p>\n\n\n\n<h3 class=\"wp-block-heading\">Millores en el transport del ramat<\/h3>\n\n\n\n<p class=\"wp-block-paragraph\">D&#8217;altra banda, la reforma del decret adapta la capacitat m\u00e0xima autoritzada dels vehicles destinats al transport d&#8217;animals dins de la Comunitat Valenciana, ampliant fins a 10 UGM (Unitats de Ramat Major) el l\u00edmit per al trasllat de bovins que disposen del certificat de neteja i desinfecci\u00f3 corresponent.<\/p>\n\n\n\n<p class=\"wp-block-paragraph\">Esta adaptaci\u00f3 respon a una de les reclamacions hist\u00f2riques del sector dels bous braus. L&#8217;augment de capacitat permetr\u00e0 moure m\u00e9s bous en un mateix viatge, reduint el temps d&#8217;espera i perman\u00e8ncia dels animals durant les exhibicions. D&#8217;esta manera, es previndran situacions d&#8217;estr\u00e9s, esgotament o colps de calor, especialment en els mesos de temperatures m\u00e9s extremes.<\/p>\n\n\n\n<p class=\"wp-block-paragraph\">\u00abEscoltar el sector i adaptar la normativa a les necessitats reals de les explotacions ramaderes ens permet disposar d&#8217;una regulaci\u00f3 m\u00e9s efica\u00e7 i \u00e0gil, garantint en tot moment la protecci\u00f3 dels animals\u00bb, ha concl\u00f2s Ram\u00f3n-Ll\u00edn<\/p>\n","protected":false},"excerpt":{"rendered":"<p>Val\u00e8ncia (30\/08\/2026). La Conselleria d\u2019Agricultura, Aigua, Ramaderia i Pesca ha aprovat la modificaci\u00f3 del Decret 82\/2025 amb l&#8217;objectiu de simplificar els tr\u00e0mits sanitaris que s&#8217;apliquen als festejos taurins. La mesura busca refor\u00e7ar les condicions de sanitat i benestar dels animals de l\u00eddia, alhora que agilitza la gesti\u00f3 administrativa i facilita el desenvolupament d&#8217;estes celebracions amb &#8230; <a title=\"Agricultura simplifica els procediments sanitaris en els festejos taurins per a refor\u00e7ar la sanitat i el benestar animal\" class=\"read-more\" href=\"https:\/\/elcafedepipa.com\/index.php\/2026\/08\/31\/agricultura-simplifica-els-procediments-sanitaris-en-els-festejos-taurins-per-a-reforcar-la-sanitat-i-el-benestar-animal\/\" aria-label=\"M\u00e9s informaci\u00f3 sobre Agricultura simplifica els procediments sanitaris en els festejos taurins per a refor\u00e7ar la sanitat i el benestar animal\">Read more<\/a><\/p>\n","protected":false},"author":5,"featured_media":28468,"comment_status":"open","ping_status":"closed","sticky":false,"template":"","format":"standard","meta":{"om_disable_all_campaigns":false,"_monsterinsights_skip_tracking":false,"_uf_show_specific_survey":0,"_uf_disable_surveys":false,"slim_seo":{"title":"Agricultura simplifica els procediments sanitaris en els festejos taurins per a refor\u00e7ar la sanitat i el benestar animal - El caf\u00e9 de Pipa","description":"Val\u00e8ncia (30\/08\/2026). La Conselleria d\u2019Agricultura, Aigua, Ramaderia i Pesca ha aprovat la modificaci\u00f3 del Decret 82\/2025 amb l'objectiu de simplificar els tr\u00e0"},"footnotes":""},"categories":[10],"tags":[],"ppma_author":[75],"class_list":["post-28467","post","type-post","status-publish","format-standard","has-post-thumbnail","hentry","category-provinciadecastello"],"distributor_meta":false,"distributor_terms":false,"distributor_media":false,"distributor_original_site_name":"Info Nord","distributor_original_site_url":"https:\/\/infonord.es","push-errors":false,"authors":[{"term_id":75,"user_id":5,"is_guest":0,"slug":"vicentarnau","display_name":"Vicent Arnau Forner","avatar_url":"https:\/\/secure.gravatar.com\/avatar\/b6bbb5d9d4a2f81c9489990a7f05494fa0066b3db023740311cd0a4d00ee56fe?s=96&d=mm&r=g","author_category":"","first_name":"Vicent","last_name":"Arnau Forner","user_url":"","job_title":"","description":""}],"_links":{"self":[{"href":"https:\/\/elcafedepipa.com\/index.php\/wp-json\/wp\/v2\/posts\/28467","targetHints":{"allow":["GET"]}}],"collection":[{"href":"https:\/\/elcafedepipa.com\/index.php\/wp-json\/wp\/v2\/posts"}],"about":[{"href":"https:\/\/elcafedepipa.com\/index.php\/wp-json\/wp\/v2\/types\/post"}],"author":[{"embeddable":true,"href":"https:\/\/elcafedepipa.com\/index.php\/wp-json\/wp\/v2\/users\/5"}],"replies":[{"embeddable":true,"href":"https:\/\/elcafedepipa.com\/index.php\/wp-json\/wp\/v2\/comments?post=28467"}],"version-history":[{"count":1,"href":"https:\/\/elcafedepipa.com\/index.php\/wp-json\/wp\/v2\/posts\/28467\/revisions"}],"predecessor-version":[{"id":28469,"href":"https:\/\/elcafedepipa.com\/index.php\/wp-json\/wp\/v2\/posts\/28467\/revisions\/28469"}],"wp:featuredmedia":[{"embeddable":true,"href":"https:\/\/elcafedepipa.com\/index.php\/wp-json\/wp\/v2\/media\/28468"}],"wp:attachment":[{"href":"https:\/\/elcafedepipa.com\/index.php\/wp-json\/wp\/v2\/media?parent=28467"}],"wp:term":[{"taxonomy":"category","embeddable":true,"href":"https:\/\/elcafedepipa.com\/index.php\/wp-json\/wp\/v2\/categories?post=28467"},{"taxonomy":"post_tag","embeddable":true,"href":"https:\/\/elcafedepipa.com\/index.php\/wp-json\/wp\/v2\/tags?post=28467"},{"taxonomy":"author","embeddable":true,"href":"https:\/\/elcafedepipa.com\/index.php\/wp-json\/wp\/v2\/ppma_author?post=28467"}],"curies":[{"name":"wp","href":"https:\/\/api.w.org\/{rel}","templated":true}]}}