{"id":28464,"date":"2026-08-31T19:01:18","date_gmt":"2026-08-31T17:01:18","guid":{"rendered":"https:\/\/elcafedepipa.com\/?p=28464"},"modified":"2026-08-31T19:01:18","modified_gmt":"2026-08-31T17:01:18","slug":"marta-barrachina-destaca-la-inversio-de-800-000-euros-de-la-diputacio-per-a-la-seguretat-rural","status":"publish","type":"post","link":"https:\/\/elcafedepipa.com\/index.php\/2026\/08\/31\/marta-barrachina-destaca-la-inversio-de-800-000-euros-de-la-diputacio-per-a-la-seguretat-rural\/","title":{"rendered":"Marta Barrachina destaca la inversi\u00f3 de 800.000 euros de la Diputaci\u00f3 per a la seguretat rural"},"content":{"rendered":"\n<ul class=\"wp-block-list\">\n<li><strong>La presidenta de la Diputaci\u00f3 de Castell\u00f3, Marta Barrachina, ha posat en valor la partida de 800.000 euros aportada per la instituci\u00f3 al llarg d&#8217;esta legislatura per a refor\u00e7ar la seguretat en els camps mitjan\u00e7ant el servei de guardes rurals.<\/strong><\/li>\n<\/ul>\n\n\n\n<p class=\"wp-block-paragraph\">\u00abL&#8217;agricultura \u00e9s tradici\u00f3, identitat i un pilar fonamental per a la nostra prov\u00edncia, per aix\u00f2 treballem per preservar el nostre sector primari, protegir el nostre camp i assegurar la viabilitat de les produccions\u00bb, ha manifestat la m\u00e0xima dirigent de la corporaci\u00f3 provincial.<\/p>\n\n\n\n<p class=\"wp-block-paragraph\">L&#8217;impuls al sector primari \u00e9s un pilar estrat\u00e8gic en el full de ruta del Govern Provincial i, sobre eixa q\u00fcesti\u00f3, Marta Barrachina remarca que \u00ab\u00e9s fonamental refor\u00e7ar la seguretat i potenciar l&#8217;agricultura, sobretot en els municipis que patixen despoblaci\u00f3\u00bb.<\/p>\n\n\n\n<p class=\"wp-block-paragraph\">La presidenta de la corporaci\u00f3 provincial, Marta Barrachina, ha ressaltat la quantia de 800.000 euros aportada per la instituci\u00f3 en la present legislatura per a intensificar la vigil\u00e0ncia en el medi rural amb el servei de guardes rurals.<\/p>\n\n\n\n<p class=\"wp-block-paragraph\">\u00abL&#8217;agricultura \u00e9s tradici\u00f3, identitat i un pilar fonamental per a la nostra prov\u00edncia, per aix\u00f2 treballem per preservar el nostre sector primari, protegir el nostre camp i assegurar la viabilitat de les produccions\u00bb, ha expressat la presidenta provincial, qui ha subratllat l&#8217;aposta clara \u00abper refor\u00e7ar la seguretat de les explotacions agr\u00edcoles i assegurar el futur dels nostres camps\u00bb.<\/p>\n\n\n\n<p class=\"wp-block-paragraph\">La protecci\u00f3 dels agricultors \u00e9s un eix prioritari en l&#8217;acci\u00f3 de la corporaci\u00f3 i la dirigent ha assenyalat que \u00ab\u00e9s fonamental refor\u00e7ar la seguretat i potenciar l&#8217;agricultura, sobretot en els municipis que patixen despoblaci\u00f3, i per a aix\u00f2, des de les administracions hem de tendir la m\u00e0 als nostres agricultors i aplicar pol\u00edtiques que faciliten la generaci\u00f3 d&#8217;oportunitats en el sector primari\u00bb.<\/p>\n\n\n\n<p class=\"wp-block-paragraph\">D&#8217;esta manera, la representant provincial ha valorat els 800.000 euros assignats per la Diputaci\u00f3 de Castell\u00f3 des del comen\u00e7ament del mandat als municipis m\u00e9s xicotets per a finan\u00e7ar la vigil\u00e0ncia i evitar furts o actes vand\u00e0lics.<\/p>\n\n\n\n<p class=\"wp-block-paragraph\">Conv\u00e9 recordar que la Diputaci\u00f3 de Castell\u00f3 va posar en marxa este servei de guardes rurals en 2024 amb la finalitat de protegir les explotacions agr\u00e0ries de robatoris, una eina indispensable per als pobles amb menor poblaci\u00f3.<\/p>\n\n\n\n<p class=\"wp-block-paragraph\">Segons la primera autoritat provincial, els guardes rurals s\u00f3n \u00abuna pe\u00e7a clau que refor\u00e7a i recolza el treball dels qui di\u00e0riament cuiden i treballen la nostra terra\u00bb. \u00abCastell\u00f3 \u00e9s una terra de sectors productius forts i hem de protegir els agricultors que viuen i es desviuen per garantir el millor producte de la nostra terra\u00bb, ha remarcat Marta Barrachina.<\/p>\n\n\n\n<p class=\"wp-block-paragraph\">Aix\u00ed mateix, la dirigent provincial ha emfatitzat que \u00abcada euro invertit en el medi rural \u00e9s una inversi\u00f3 en futur, en ocupaci\u00f3 i en manteniment de la vida dels nostres pobles\u00bb. M\u00e9s enll\u00e0 de la protecci\u00f3 agr\u00edcola, eixa l\u00ednia d&#8217;ajudes incentiva la creaci\u00f3 d&#8217;ocupaci\u00f3 i contribueix a fixar poblaci\u00f3 i desenvolupar el medi rural en les localitats m\u00e9s xicotetes.<\/p>\n\n\n\n<p class=\"wp-block-paragraph\">En l&#8217;actualitat, la instituci\u00f3 concedeix ajudes a 15 municipis de menys de 5.000 habitants per a millorar la cust\u00f2dia dels camps i evitar robatoris. \u00abTreballem cada dia per a donar als nostres municipis el suport que mereixen, per\u00f2 tamb\u00e9 als nostres agricultors\u00bb, ha indicat Marta Barrachina.<\/p>\n\n\n\n<p class=\"wp-block-paragraph\">De la mateixa manera, la presidenta ha recordat que en la convocat\u00f2ria anterior la Diputaci\u00f3 ja va incrementar el pressupost un 50% fins a aconseguir els 300.000 euros i va estendre l&#8217;acc\u00e9s a municipis de fins a 5.000 habitants, facilitant que m\u00e9s poblacions pogueren accedir a estes ajudes per a suportar la tasca dels qui treballen la terra.<\/p>\n\n\n\n<p class=\"wp-block-paragraph\">En este sentit, la dirigent ha ressaltat el treball desenvolupat per l&#8217;equip de govern en estes tres anualitats per a donar suport al sector i ha assegurat que \u00abcontinuarem treballant per continuar complint amb la paraula donada i donar resposta als nostres municipis i als seus ve\u00efns, per a continuar generant oportunitats i continuar creixent\u00bb.<\/p>\n","protected":false},"excerpt":{"rendered":"<p>\u00abL&#8217;agricultura \u00e9s tradici\u00f3, identitat i un pilar fonamental per a la nostra prov\u00edncia, per aix\u00f2 treballem per preservar el nostre sector primari, protegir el nostre camp i assegurar la viabilitat de les produccions\u00bb, ha manifestat la m\u00e0xima dirigent de la corporaci\u00f3 provincial. L&#8217;impuls al sector primari \u00e9s un pilar estrat\u00e8gic en el full de ruta &#8230; <a title=\"Marta Barrachina destaca la inversi\u00f3 de 800.000 euros de la Diputaci\u00f3 per a la seguretat rural\" class=\"read-more\" href=\"https:\/\/elcafedepipa.com\/index.php\/2026\/08\/31\/marta-barrachina-destaca-la-inversio-de-800-000-euros-de-la-diputacio-per-a-la-seguretat-rural\/\" aria-label=\"M\u00e9s informaci\u00f3 sobre Marta Barrachina destaca la inversi\u00f3 de 800.000 euros de la Diputaci\u00f3 per a la seguretat rural\">Read more<\/a><\/p>\n","protected":false},"author":5,"featured_media":28465,"comment_status":"open","ping_status":"closed","sticky":false,"template":"","format":"standard","meta":{"om_disable_all_campaigns":false,"_monsterinsights_skip_tracking":false,"_uf_show_specific_survey":0,"_uf_disable_surveys":false,"slim_seo":{"title":"Marta Barrachina destaca la inversi\u00f3 de 800.000 euros de la Diputaci\u00f3 per a la seguretat rural - El caf\u00e9 de Pipa","description":"\"L'agricultura \u00e9s tradici\u00f3, identitat i un pilar fonamental per a la nostra prov\u00edncia, per aix\u00f2 treballem per preservar el nostre sector primari, protegir el no"},"footnotes":""},"categories":[10],"tags":[],"ppma_author":[75],"class_list":["post-28464","post","type-post","status-publish","format-standard","has-post-thumbnail","hentry","category-provinciadecastello"],"distributor_meta":false,"distributor_terms":false,"distributor_media":false,"distributor_original_site_name":"Info Nord","distributor_original_site_url":"https:\/\/infonord.es","push-errors":false,"authors":[{"term_id":75,"user_id":5,"is_guest":0,"slug":"vicentarnau","display_name":"Vicent Arnau Forner","avatar_url":"https:\/\/secure.gravatar.com\/avatar\/b6bbb5d9d4a2f81c9489990a7f05494fa0066b3db023740311cd0a4d00ee56fe?s=96&d=mm&r=g","author_category":"","first_name":"Vicent","last_name":"Arnau Forner","user_url":"","job_title":"","description":""}],"_links":{"self":[{"href":"https:\/\/elcafedepipa.com\/index.php\/wp-json\/wp\/v2\/posts\/28464","targetHints":{"allow":["GET"]}}],"collection":[{"href":"https:\/\/elcafedepipa.com\/index.php\/wp-json\/wp\/v2\/posts"}],"about":[{"href":"https:\/\/elcafedepipa.com\/index.php\/wp-json\/wp\/v2\/types\/post"}],"author":[{"embeddable":true,"href":"https:\/\/elcafedepipa.com\/index.php\/wp-json\/wp\/v2\/users\/5"}],"replies":[{"embeddable":true,"href":"https:\/\/elcafedepipa.com\/index.php\/wp-json\/wp\/v2\/comments?post=28464"}],"version-history":[{"count":1,"href":"https:\/\/elcafedepipa.com\/index.php\/wp-json\/wp\/v2\/posts\/28464\/revisions"}],"predecessor-version":[{"id":28466,"href":"https:\/\/elcafedepipa.com\/index.php\/wp-json\/wp\/v2\/posts\/28464\/revisions\/28466"}],"wp:featuredmedia":[{"embeddable":true,"href":"https:\/\/elcafedepipa.com\/index.php\/wp-json\/wp\/v2\/media\/28465"}],"wp:attachment":[{"href":"https:\/\/elcafedepipa.com\/index.php\/wp-json\/wp\/v2\/media?parent=28464"}],"wp:term":[{"taxonomy":"category","embeddable":true,"href":"https:\/\/elcafedepipa.com\/index.php\/wp-json\/wp\/v2\/categories?post=28464"},{"taxonomy":"post_tag","embeddable":true,"href":"https:\/\/elcafedepipa.com\/index.php\/wp-json\/wp\/v2\/tags?post=28464"},{"taxonomy":"author","embeddable":true,"href":"https:\/\/elcafedepipa.com\/index.php\/wp-json\/wp\/v2\/ppma_author?post=28464"}],"curies":[{"name":"wp","href":"https:\/\/api.w.org\/{rel}","templated":true}]}}