{"id":28453,"date":"2026-08-31T15:00:37","date_gmt":"2026-08-31T13:00:37","guid":{"rendered":"https:\/\/elcafedepipa.com\/?p=28453"},"modified":"2026-08-31T15:00:39","modified_gmt":"2026-08-31T13:00:39","slug":"el-pspv-reclama-a-marta-barrachina-que-faca-valdre-la-provincia-de-castello-davant-el-consell-del-pp-perque-recupere-el-milio-retallat-en-prevencio-dincendis","status":"publish","type":"post","link":"https:\/\/elcafedepipa.com\/index.php\/2026\/08\/31\/el-pspv-reclama-a-marta-barrachina-que-faca-valdre-la-provincia-de-castello-davant-el-consell-del-pp-perque-recupere-el-milio-retallat-en-prevencio-dincendis\/","title":{"rendered":"El PSPV reclama a Marta Barrachina que fa\u00e7a valdre la prov\u00edncia de Castell\u00f3 davant el Consell del PP perqu\u00e8 recupere el mili\u00f3 retallat en prevenci\u00f3 d\u2019incendis"},"content":{"rendered":"\n<p class=\"wp-block-paragraph\"><strong>L\u2019exig\u00e8ncia dels socialistes va m\u00e9s enll\u00e0 i reclama ampliar els recursos en 2027 i que la Diputaci\u00f3 estudie com implicar-se m\u00e9s en la prevenci\u00f3<\/strong><br><br>El PSPV-PSOE de la Diputaci\u00f3 de Castell\u00f3 ha exigit a Marta Barrachina que reclame al president de la Generalitat, Juanfran P\u00e9rez Llorca, recuperar i ampliar en 2027 el mili\u00f3 d\u2019euros que el Consell ha retallat enguany en ajudes de prevenci\u00f3 d\u2019incendis per als municipis de la prov\u00edncia. El portaveu socialista, Samuel Falomir, assenyala que Barrachina \u201ct\u00e9 motius de sobra per a al\u00e7ar la veu\u201d despr\u00e9s d\u2019un estiu en qu\u00e8 la Diputaci\u00f3 ha hagut de buscar m\u00e9s d\u20191,7 milions d\u2019euros extraordinaris per a donar suport als ajuntaments a afrontar els danys provocats pels incendis.<br><br>\u201cBarrachina sap qu\u00e8 costa actuar sobre un territori calcinat i qu\u00e8 suposa per a una administraci\u00f3 haver de mobilitzar recursos extraordinaris quan el dany ja est\u00e0 fet. Ha d\u2019actuar com a presidenta de la Diputaci\u00f3, i no del seu partit, i defensar Castell\u00f3 sense complexos reclamant fins a l\u2019\u00faltim euro que esta prov\u00edncia necessita per a protegir-se millor\u201d.<br><br>Falomir ha acusat el PP\u201d de \u201ctractar la prevenci\u00f3 com una despesa prescindible\u201d despr\u00e9s d\u2019aprovar la retallada a Castell\u00f3 amb els antecedents de 2025. \u201cDe nou, han tornat a fer de les seues en emerg\u00e8ncies. Ven\u00edem d\u2019un any amb prop de 355.000 hect\u00e0rees cremades a tota Espanya, aproximadament un ter\u00e7 de tota la superf\u00edcie arrasada pel foc a la Uni\u00f3 Europea, i el que calia fer era refor\u00e7ar la prevenci\u00f3 i no l\u2019ocurr\u00e8ncia del PP: retallar-la\u201d.<br><br>Falomir ha recordat que Castell\u00f3 t\u00e9 prop de 424.000 hect\u00e0rees de superf\u00edcie forestal, el 63,8% de tot el territori provincial i el percentatge m\u00e9s alt de les tres prov\u00edncies valencianes. \u201cQuasi dos de cada tres hect\u00e0rees castellonenques s\u00f3n forestals. Amb esta realitat i despr\u00e9s del que hem viscut este estiu, hem d\u2019anar tots a una per a exigir que s\u2019acaben les retallades i que arriben els recursos necessaris perqu\u00e8 els nostres ajuntaments puguen protegir el seus termes\u201d.<br><br>Falomir ha defensat que la prevenci\u00f3 ha de ser una pol\u00edtica permanent, sostinguda any rere any i per aix\u00f2 reclama, a m\u00e9s, que la Diputaci\u00f3 estudie tamb\u00e9 com pot implicar-se m\u00e9s en les pol\u00edtiques de prevenci\u00f3. \u201cCastell\u00f3 necessita recursos quan hi ha una emerg\u00e8ncia, per\u00f2 sobretot necessita que el PP deixe de llevar-los abans\u201d.<br><br><br><br><\/p>\n","protected":false},"excerpt":{"rendered":"<p>L\u2019exig\u00e8ncia dels socialistes va m\u00e9s enll\u00e0 i reclama ampliar els recursos en 2027 i que la Diputaci\u00f3 estudie com implicar-se m\u00e9s en la prevenci\u00f3 El PSPV-PSOE de la Diputaci\u00f3 de Castell\u00f3 ha exigit a Marta Barrachina que reclame al president de la Generalitat, Juanfran P\u00e9rez Llorca, recuperar i ampliar en 2027 el mili\u00f3 d\u2019euros que &#8230; <a title=\"El PSPV reclama a Marta Barrachina que fa\u00e7a valdre la prov\u00edncia de Castell\u00f3 davant el Consell del PP perqu\u00e8 recupere el mili\u00f3 retallat en prevenci\u00f3 d\u2019incendis\" class=\"read-more\" href=\"https:\/\/elcafedepipa.com\/index.php\/2026\/08\/31\/el-pspv-reclama-a-marta-barrachina-que-faca-valdre-la-provincia-de-castello-davant-el-consell-del-pp-perque-recupere-el-milio-retallat-en-prevencio-dincendis\/\" aria-label=\"M\u00e9s informaci\u00f3 sobre El PSPV reclama a Marta Barrachina que fa\u00e7a valdre la prov\u00edncia de Castell\u00f3 davant el Consell del PP perqu\u00e8 recupere el mili\u00f3 retallat en prevenci\u00f3 d\u2019incendis\">Read more<\/a><\/p>\n","protected":false},"author":5,"featured_media":28454,"comment_status":"closed","ping_status":"closed","sticky":false,"template":"","format":"standard","meta":{"om_disable_all_campaigns":false,"_monsterinsights_skip_tracking":false,"_uf_show_specific_survey":0,"_uf_disable_surveys":false,"slim_seo":{"title":"El PSPV reclama a Marta Barrachina que fa\u00e7a valdre la prov\u00edncia de Castell\u00f3 davant el Consell del PP perqu\u00e8 recupere el mili\u00f3 retallat en prevenci\u00f3 d\u2019incendis - El caf\u00e9 de Pipa","description":"L\u2019exig\u00e8ncia dels socialistes va m\u00e9s enll\u00e0 i reclama ampliar els recursos en 2027 i que la Diputaci\u00f3 estudie com implicar-se m\u00e9s en la prevenci\u00f3 El PSPV-PSOE de"},"footnotes":""},"categories":[1],"tags":[],"ppma_author":[75],"class_list":["post-28453","post","type-post","status-publish","format-standard","has-post-thumbnail","hentry","category-non-classe"],"distributor_meta":false,"distributor_terms":false,"distributor_media":false,"distributor_original_site_name":"El caf\u00e9 de Pipa","distributor_original_site_url":"https:\/\/elcafedepipa.com","push-errors":false,"authors":[{"term_id":75,"user_id":5,"is_guest":0,"slug":"vicentarnau","display_name":"Vicent Arnau Forner","avatar_url":"https:\/\/secure.gravatar.com\/avatar\/b6bbb5d9d4a2f81c9489990a7f05494fa0066b3db023740311cd0a4d00ee56fe?s=96&d=mm&r=g","author_category":"","first_name":"Vicent","last_name":"Arnau Forner","user_url":"","job_title":"","description":""}],"_links":{"self":[{"href":"https:\/\/elcafedepipa.com\/index.php\/wp-json\/wp\/v2\/posts\/28453","targetHints":{"allow":["GET"]}}],"collection":[{"href":"https:\/\/elcafedepipa.com\/index.php\/wp-json\/wp\/v2\/posts"}],"about":[{"href":"https:\/\/elcafedepipa.com\/index.php\/wp-json\/wp\/v2\/types\/post"}],"author":[{"embeddable":true,"href":"https:\/\/elcafedepipa.com\/index.php\/wp-json\/wp\/v2\/users\/5"}],"replies":[{"embeddable":true,"href":"https:\/\/elcafedepipa.com\/index.php\/wp-json\/wp\/v2\/comments?post=28453"}],"version-history":[{"count":1,"href":"https:\/\/elcafedepipa.com\/index.php\/wp-json\/wp\/v2\/posts\/28453\/revisions"}],"predecessor-version":[{"id":28456,"href":"https:\/\/elcafedepipa.com\/index.php\/wp-json\/wp\/v2\/posts\/28453\/revisions\/28456"}],"wp:featuredmedia":[{"embeddable":true,"href":"https:\/\/elcafedepipa.com\/index.php\/wp-json\/wp\/v2\/media\/28454"}],"wp:attachment":[{"href":"https:\/\/elcafedepipa.com\/index.php\/wp-json\/wp\/v2\/media?parent=28453"}],"wp:term":[{"taxonomy":"category","embeddable":true,"href":"https:\/\/elcafedepipa.com\/index.php\/wp-json\/wp\/v2\/categories?post=28453"},{"taxonomy":"post_tag","embeddable":true,"href":"https:\/\/elcafedepipa.com\/index.php\/wp-json\/wp\/v2\/tags?post=28453"},{"taxonomy":"author","embeddable":true,"href":"https:\/\/elcafedepipa.com\/index.php\/wp-json\/wp\/v2\/ppma_author?post=28453"}],"curies":[{"name":"wp","href":"https:\/\/api.w.org\/{rel}","templated":true}]}}