{"id":28449,"date":"2026-08-31T14:58:06","date_gmt":"2026-08-31T12:58:06","guid":{"rendered":"https:\/\/elcafedepipa.com\/?p=28449"},"modified":"2026-08-31T14:58:27","modified_gmt":"2026-08-31T12:58:27","slug":"marta-barrachina-enaltix-la-inversio-de-800-000-euros-de-la-diputacio-de-castello-durant-la-present-legislatura-per-a-reforcar-la-seguretat-en-el-camp-amb-el-servei-de-guardes-rurals","status":"publish","type":"post","link":"https:\/\/elcafedepipa.com\/index.php\/2026\/08\/31\/marta-barrachina-enaltix-la-inversio-de-800-000-euros-de-la-diputacio-de-castello-durant-la-present-legislatura-per-a-reforcar-la-seguretat-en-el-camp-amb-el-servei-de-guardes-rurals\/","title":{"rendered":"Marta Barrachina enaltix la inversi\u00f3 de 800.000 euros de la Diputaci\u00f3 de Castell\u00f3 durant la present legislatura per a refor\u00e7ar la seguretat en el camp amb el servei de guardes rurals"},"content":{"rendered":"\n<p class=\"wp-block-paragraph\"> La presidenta de la Diputaci\u00f3 de Castell\u00f3, Marta Barrachina, enaltix la inversi\u00f3 de 800.000 euros de la instituci\u00f3 provincial durant la present legislatura per a refor\u00e7ar la seguretat en el camp amb el servei de guardes rurals.<\/p>\n\n\n\n<p class=\"wp-block-paragraph\">\u201cL&#8217;agricultura \u00e9s tradici\u00f3, identitat i un pilar fonamental per a la nostra prov\u00edncia, per aix\u00f2 treballem per preservar el nostre sector primari, protegir el nostre camp i assegurar la viabilitat de les produccions\u201d, ha expressat la dirigent provincial, qui ha incidit en l&#8217;aposta ferma i decidida \u201cper refor\u00e7ar la seguretat de les explotacions agr\u00edcoles i assegurar el futur dels nostres camps\u201d.<\/p>\n\n\n\n<p class=\"wp-block-paragraph\">El suport al sector primari \u00e9s una prioritat marcada en el full de ruta del Govern Provincial i, en este sentit, la presidenta de la Diputaci\u00f3 ha afirmat que \u201c\u00e9s fonamental refor\u00e7ar la seguretat i potenciar l&#8217;agricultura, sobretot en els municipis que patixen despoblaci\u00f3, i per a aix\u00f2, des de les administracions hem de tendir la m\u00e0 als nostres agricultors i aplicar pol\u00edtiques que faciliten la generaci\u00f3 d&#8217;oportunitats en el sector primari\u201d.<\/p>\n\n\n\n<p class=\"wp-block-paragraph\">Aix\u00ed, la dirigent provincial ha posat en valor els 800.000 euros que la Diputaci\u00f3 de Castell\u00f3 ha destinat, des de l&#8217;inici de la legislatura, als pobles m\u00e9s xicotets per a finan\u00e7ar el servei de vigil\u00e0ncia i control amb la finalitat d&#8217;evitar robatoris i actes vand\u00e0lics en el camp.<\/p>\n\n\n\n<p class=\"wp-block-paragraph\">Recordar que este servei de guardes rurals va ser implantat per la Diputaci\u00f3 de Castell\u00f3 en 2024 amb l&#8217;objectiu de garantir la seguretat en el camp i evitar robatoris en les explotacions agr\u00edcoles. Fins al moment ha demostrat ser una ferramenta fonamental, sobretot per a les localitats m\u00e9s xicotetes.<\/p>\n\n\n\n<p class=\"wp-block-paragraph\">Per a la m\u00e0xima representant de la instituci\u00f3 provincial, els guardes rurals s\u00f3n \u201cuna pe\u00e7a clau que refor\u00e7a i recolza el treball dels qui di\u00e0riament cuiden i treballen la nostra terra\u201d. \u201cCastell\u00f3 \u00e9s una terra de sectors productius forts i hem de protegir els agricultors que viuen i es desviuen per garantir el millor producte de la nostra terra\u201d, ha subratllat Marta Barrachina.<\/p>\n\n\n\n<p class=\"wp-block-paragraph\">Al respecte, la dirigent provincial ha posat l&#8217;accent que \u201ccada euro invertit en el medi rural \u00e9s una inversi\u00f3 en futur, en ocupaci\u00f3 i en manteniment de la vida dels nostres pobles\u201d. A m\u00e9s de la protecci\u00f3 del camp, esta l\u00ednia d&#8217;ajudes fomenta l&#8217;ocupaci\u00f3 i contribu\u00efx, de la mateixa manera, al desenvolupament rural i a fixar poblaci\u00f3 en els municipis m\u00e9s xicotets.<\/p>\n\n\n\n<p class=\"wp-block-paragraph\">En l&#8217;actualitat, la instituci\u00f3 provincial destina ajudes a 15 municipis de menys de 5.000 habitants per a millorar la vigil\u00e0ncia del camp i previndre robatoris. \u201cTreballem cada dia per a donar als nostres municipis el suport que mereixen, per\u00f2 tamb\u00e9 als nostres agricultors\u201d, ha apuntat Marta Barrachina.<\/p>\n\n\n\n<p class=\"wp-block-paragraph\">Aix\u00ed, la presidenta provincial ha recordat que en l&#8217;anterior convocat\u00f2ria la Diputaci\u00f3 ja va incrementar un 50% el pressupost fins a aconseguir els 300.000 euros i va ampliar les bases a municipis de fins a 5.000 habitants, permetent que m\u00e9s localitats pogueren accedir a estes ajudes i recolzar el treball de les persones que sostenen el territori amb el seu treball diari.<\/p>\n\n\n\n<p class=\"wp-block-paragraph\">En este sentit, la dirigent provincial ha destacat el treball que ha realitzat l&#8217;equip de Govern Provincial en estos tres anys per a protegir l&#8217;agricultura i ha assegurat que \u201ccontinuarem treballant per continuar complint amb la paraula donada i donar resposta als nostres municipis i als seus ve\u00efns, per a continuar generant oportunitats i continuar creixent\u201d.<\/p>\n","protected":false},"excerpt":{"rendered":"<p>La presidenta de la Diputaci\u00f3 de Castell\u00f3, Marta Barrachina, enaltix la inversi\u00f3 de 800.000 euros de la instituci\u00f3 provincial durant la present legislatura per a refor\u00e7ar la seguretat en el camp amb el servei de guardes rurals. \u201cL&#8217;agricultura \u00e9s tradici\u00f3, identitat i un pilar fonamental per a la nostra prov\u00edncia, per aix\u00f2 treballem per preservar &#8230; <a title=\"Marta Barrachina enaltix la inversi\u00f3 de 800.000 euros de la Diputaci\u00f3 de Castell\u00f3 durant la present legislatura per a refor\u00e7ar la seguretat en el camp amb el servei de guardes rurals\" class=\"read-more\" href=\"https:\/\/elcafedepipa.com\/index.php\/2026\/08\/31\/marta-barrachina-enaltix-la-inversio-de-800-000-euros-de-la-diputacio-de-castello-durant-la-present-legislatura-per-a-reforcar-la-seguretat-en-el-camp-amb-el-servei-de-guardes-rurals\/\" aria-label=\"M\u00e9s informaci\u00f3 sobre Marta Barrachina enaltix la inversi\u00f3 de 800.000 euros de la Diputaci\u00f3 de Castell\u00f3 durant la present legislatura per a refor\u00e7ar la seguretat en el camp amb el servei de guardes rurals\">Read more<\/a><\/p>\n","protected":false},"author":5,"featured_media":28450,"comment_status":"closed","ping_status":"closed","sticky":false,"template":"","format":"standard","meta":{"om_disable_all_campaigns":false,"_monsterinsights_skip_tracking":false,"_uf_show_specific_survey":0,"_uf_disable_surveys":false,"slim_seo":{"title":"Marta Barrachina enaltix la inversi\u00f3 de 800.000 euros de la Diputaci\u00f3 de Castell\u00f3 durant la present legislatura per a refor\u00e7ar la seguretat en el camp amb el servei de guardes rurals - El caf\u00e9 de Pipa","description":"La presidenta de la Diputaci\u00f3 de Castell\u00f3, Marta Barrachina, enaltix la inversi\u00f3 de 800.000 euros de la instituci\u00f3 provincial durant la present legislatura per"},"footnotes":""},"categories":[1],"tags":[],"ppma_author":[75],"class_list":["post-28449","post","type-post","status-publish","format-standard","has-post-thumbnail","hentry","category-non-classe"],"distributor_meta":false,"distributor_terms":false,"distributor_media":false,"distributor_original_site_name":"El caf\u00e9 de Pipa","distributor_original_site_url":"https:\/\/elcafedepipa.com","push-errors":false,"authors":[{"term_id":75,"user_id":5,"is_guest":0,"slug":"vicentarnau","display_name":"Vicent Arnau Forner","avatar_url":"https:\/\/secure.gravatar.com\/avatar\/b6bbb5d9d4a2f81c9489990a7f05494fa0066b3db023740311cd0a4d00ee56fe?s=96&d=mm&r=g","author_category":"","first_name":"Vicent","last_name":"Arnau Forner","user_url":"","job_title":"","description":""}],"_links":{"self":[{"href":"https:\/\/elcafedepipa.com\/index.php\/wp-json\/wp\/v2\/posts\/28449","targetHints":{"allow":["GET"]}}],"collection":[{"href":"https:\/\/elcafedepipa.com\/index.php\/wp-json\/wp\/v2\/posts"}],"about":[{"href":"https:\/\/elcafedepipa.com\/index.php\/wp-json\/wp\/v2\/types\/post"}],"author":[{"embeddable":true,"href":"https:\/\/elcafedepipa.com\/index.php\/wp-json\/wp\/v2\/users\/5"}],"replies":[{"embeddable":true,"href":"https:\/\/elcafedepipa.com\/index.php\/wp-json\/wp\/v2\/comments?post=28449"}],"version-history":[{"count":1,"href":"https:\/\/elcafedepipa.com\/index.php\/wp-json\/wp\/v2\/posts\/28449\/revisions"}],"predecessor-version":[{"id":28451,"href":"https:\/\/elcafedepipa.com\/index.php\/wp-json\/wp\/v2\/posts\/28449\/revisions\/28451"}],"wp:featuredmedia":[{"embeddable":true,"href":"https:\/\/elcafedepipa.com\/index.php\/wp-json\/wp\/v2\/media\/28450"}],"wp:attachment":[{"href":"https:\/\/elcafedepipa.com\/index.php\/wp-json\/wp\/v2\/media?parent=28449"}],"wp:term":[{"taxonomy":"category","embeddable":true,"href":"https:\/\/elcafedepipa.com\/index.php\/wp-json\/wp\/v2\/categories?post=28449"},{"taxonomy":"post_tag","embeddable":true,"href":"https:\/\/elcafedepipa.com\/index.php\/wp-json\/wp\/v2\/tags?post=28449"},{"taxonomy":"author","embeddable":true,"href":"https:\/\/elcafedepipa.com\/index.php\/wp-json\/wp\/v2\/ppma_author?post=28449"}],"curies":[{"name":"wp","href":"https:\/\/api.w.org\/{rel}","templated":true}]}}