{"id":28445,"date":"2026-08-31T14:55:55","date_gmt":"2026-08-31T12:55:55","guid":{"rendered":"https:\/\/elcafedepipa.com\/?p=28445"},"modified":"2026-08-31T14:56:13","modified_gmt":"2026-08-31T12:56:13","slug":"lajuntament-amplia-els-serveis-de-reciclatge-amb-la-posada-en-marxa-dun-ecoparc-mobil-a-la-vall-duixo","status":"publish","type":"post","link":"https:\/\/elcafedepipa.com\/index.php\/2026\/08\/31\/lajuntament-amplia-els-serveis-de-reciclatge-amb-la-posada-en-marxa-dun-ecoparc-mobil-a-la-vall-duixo\/","title":{"rendered":"L&#8217;Ajuntament amplia els serveis de reciclatge amb la posada en marxa d&#8217;un ecoparc m\u00f2bil a la Vall d&#8217;Uix\u00f3"},"content":{"rendered":"\n<p class=\"wp-block-paragraph\"><strong>El nou servei estar\u00e0 en l&#8217;estaci\u00f3 d&#8217;autobusos en diumenges i dimecres alterns i permetr\u00e0 beneficiar-se dels descomptes de la Targeta Verda.<\/strong><\/p>\n\n\n\n<p class=\"wp-block-paragraph\">L&#8217;Ajuntament de la Vall d&#8217;Uix\u00f3, en col\u00b7laboraci\u00f3 amb el Consorci de Residus, amplia els serveis de reciclatge amb la incorporaci\u00f3 d&#8217;un ecoparc m\u00f2bil que estar\u00e0 disponible de manera alterna els dimecres i els diumenges en la pla\u00e7a de l&#8217;estaci\u00f3 d&#8217;autobusos.<\/p>\n\n\n\n<p class=\"wp-block-paragraph\">El regidor de Serveis Urbans, Fernando Dar\u00f3s, ha explicat que aquest nou servei permet \u201cguanyar un dia m\u00e9s per a facilitar a la ciutadania el reciclatge dels residus\u201d i ha destacat que \u201c\u00e9s una nova opci\u00f3 que se suma a l&#8217;ecoparc fix del pol\u00edgon Belcaire\u201d. L&#8217;ecoparc m\u00f2bil estar\u00e0 disponible els dimecres de 09:00 a 14:00 hores i de 15:00 a 17:00 hores, mentre que els diumenges funcionar\u00e0 de 10:00 a 14:00 hores.<\/p>\n\n\n\n<p class=\"wp-block-paragraph\">Les persones usu\u00e0ries podran portar els residus admesos a l&#8217;ecoparc i, presentant la Targeta Verda, beneficiar-se dels descomptes corresponents en el rebut dels residus.<\/p>\n\n\n\n<p class=\"wp-block-paragraph\"><strong>Fins a 47 euros de descompte<\/strong><\/p>\n\n\n\n<p class=\"wp-block-paragraph\">El regidor de Salut P\u00fablica i representant de l&#8217;Ajuntament en el Consorci de Residus, Jorge Garc\u00eda, ha recordat que la Targeta Verda permet obtindre fins a 47 euros de descompte per habitatge en el rebut dels residus del Consorci.<\/p>\n\n\n\n<p class=\"wp-block-paragraph\">\u201c\u00c9s una manera molt important de premiar a les persones que reciclen. Amb la campanya \u2018Si m\u00e9s recicles, menys pagues\u2019, qui porta els seus residus a l&#8217;ecoparc pot veure redu\u00eft el seu rebut en funci\u00f3 de la quantitat i del tipus de residu que deposita\u201d, ha assenyalat.<\/p>\n\n\n\n<p class=\"wp-block-paragraph\">Durant 2025, m\u00e9s de 1681 comer\u00e7os i ciutadans de la Vall d&#8217;Uix\u00f3 es van beneficiar d&#8217;aquest sistema, amb un estalvi conjunt de prop de 40 000 euros en els seus rebuts.<\/p>\n\n\n\n<p class=\"wp-block-paragraph\">Des de l&#8217;Ajuntament han animat a la ciutadania a fer \u00fas tant de l&#8217;ecoparc fix com del nou ecoparc m\u00f2bil i han recordat que existeix tamb\u00e9 un servei de recollida de voluminosos a domicili, que permet concertar dia i hora perqu\u00e8 els residus siguen retirats directament de la porta de casa trucant al tel\u00e8fon<strong> 964 69 02 47.<\/strong><\/p>\n\n\n\n<p class=\"wp-block-paragraph\">Garc\u00eda ha remarcat que \u201ctenim serveis suficients perqu\u00e8 ning\u00fa haja de deixar residus voluminosos al carrer o al costat dels contenidors\u201d i ha fet una crida a la responsabilitat ciutadana per a \u201cmantindre la Vall m\u00e9s neta entre tots\u201d.<\/p>\n","protected":false},"excerpt":{"rendered":"<p>El nou servei estar\u00e0 en l&#8217;estaci\u00f3 d&#8217;autobusos en diumenges i dimecres alterns i permetr\u00e0 beneficiar-se dels descomptes de la Targeta Verda. L&#8217;Ajuntament de la Vall d&#8217;Uix\u00f3, en col\u00b7laboraci\u00f3 amb el Consorci de Residus, amplia els serveis de reciclatge amb la incorporaci\u00f3 d&#8217;un ecoparc m\u00f2bil que estar\u00e0 disponible de manera alterna els dimecres i els diumenges &#8230; <a title=\"L&#8217;Ajuntament amplia els serveis de reciclatge amb la posada en marxa d&#8217;un ecoparc m\u00f2bil a la Vall d&#8217;Uix\u00f3\" class=\"read-more\" href=\"https:\/\/elcafedepipa.com\/index.php\/2026\/08\/31\/lajuntament-amplia-els-serveis-de-reciclatge-amb-la-posada-en-marxa-dun-ecoparc-mobil-a-la-vall-duixo\/\" aria-label=\"M\u00e9s informaci\u00f3 sobre L&#8217;Ajuntament amplia els serveis de reciclatge amb la posada en marxa d&#8217;un ecoparc m\u00f2bil a la Vall d&#8217;Uix\u00f3\">Read more<\/a><\/p>\n","protected":false},"author":5,"featured_media":28447,"comment_status":"closed","ping_status":"closed","sticky":false,"template":"","format":"standard","meta":{"om_disable_all_campaigns":false,"_monsterinsights_skip_tracking":false,"_uf_show_specific_survey":0,"_uf_disable_surveys":false,"slim_seo":{"title":"L'Ajuntament amplia els serveis de reciclatge amb la posada en marxa d'un ecoparc m\u00f2bil a la Vall d'Uix\u00f3 - El caf\u00e9 de Pipa","description":"El nou servei estar\u00e0 en l'estaci\u00f3 d'autobusos en diumenges i dimecres alterns i permetr\u00e0 beneficiar-se dels descomptes de la Targeta Verda. L'Ajuntament de la V"},"footnotes":""},"categories":[1],"tags":[],"ppma_author":[75],"class_list":["post-28445","post","type-post","status-publish","format-standard","has-post-thumbnail","hentry","category-non-classe"],"distributor_meta":false,"distributor_terms":false,"distributor_media":false,"distributor_original_site_name":"El caf\u00e9 de Pipa","distributor_original_site_url":"https:\/\/elcafedepipa.com","push-errors":false,"authors":[{"term_id":75,"user_id":5,"is_guest":0,"slug":"vicentarnau","display_name":"Vicent Arnau Forner","avatar_url":"https:\/\/secure.gravatar.com\/avatar\/b6bbb5d9d4a2f81c9489990a7f05494fa0066b3db023740311cd0a4d00ee56fe?s=96&d=mm&r=g","author_category":"","first_name":"Vicent","last_name":"Arnau Forner","user_url":"","job_title":"","description":""}],"_links":{"self":[{"href":"https:\/\/elcafedepipa.com\/index.php\/wp-json\/wp\/v2\/posts\/28445","targetHints":{"allow":["GET"]}}],"collection":[{"href":"https:\/\/elcafedepipa.com\/index.php\/wp-json\/wp\/v2\/posts"}],"about":[{"href":"https:\/\/elcafedepipa.com\/index.php\/wp-json\/wp\/v2\/types\/post"}],"author":[{"embeddable":true,"href":"https:\/\/elcafedepipa.com\/index.php\/wp-json\/wp\/v2\/users\/5"}],"replies":[{"embeddable":true,"href":"https:\/\/elcafedepipa.com\/index.php\/wp-json\/wp\/v2\/comments?post=28445"}],"version-history":[{"count":1,"href":"https:\/\/elcafedepipa.com\/index.php\/wp-json\/wp\/v2\/posts\/28445\/revisions"}],"predecessor-version":[{"id":28448,"href":"https:\/\/elcafedepipa.com\/index.php\/wp-json\/wp\/v2\/posts\/28445\/revisions\/28448"}],"wp:featuredmedia":[{"embeddable":true,"href":"https:\/\/elcafedepipa.com\/index.php\/wp-json\/wp\/v2\/media\/28447"}],"wp:attachment":[{"href":"https:\/\/elcafedepipa.com\/index.php\/wp-json\/wp\/v2\/media?parent=28445"}],"wp:term":[{"taxonomy":"category","embeddable":true,"href":"https:\/\/elcafedepipa.com\/index.php\/wp-json\/wp\/v2\/categories?post=28445"},{"taxonomy":"post_tag","embeddable":true,"href":"https:\/\/elcafedepipa.com\/index.php\/wp-json\/wp\/v2\/tags?post=28445"},{"taxonomy":"author","embeddable":true,"href":"https:\/\/elcafedepipa.com\/index.php\/wp-json\/wp\/v2\/ppma_author?post=28445"}],"curies":[{"name":"wp","href":"https:\/\/api.w.org\/{rel}","templated":true}]}}