{"id":2843,"date":"2024-07-10T14:00:00","date_gmt":"2024-07-10T12:00:00","guid":{"rendered":"https:\/\/elcafedepipa.com\/?p=2843"},"modified":"2024-07-10T13:52:04","modified_gmt":"2024-07-10T11:52:04","slug":"podcast-la-schola-es-prepara-per-al-certamen-internacional-de-de-bandes-de-musica-ciutat-de-valencia","status":"publish","type":"post","link":"https:\/\/elcafedepipa.com\/index.php\/2024\/07\/10\/podcast-la-schola-es-prepara-per-al-certamen-internacional-de-de-bandes-de-musica-ciutat-de-valencia\/","title":{"rendered":"Podcast | La Schola es prepara per al Certamen Internacional de Bandes de M\u00fasica Ciutat de Val\u00e8ncia"},"content":{"rendered":"\n<p><strong>\u00c0UDIO |<\/strong> L&#8217;Ateneu Musical Schola Cantorum es prepara per al Certamen Internacional de Bandes de M\u00fasica Ciutat de Val\u00e8ncia, que se celebrar\u00e0 el pr\u00f2xim 21 de juliol. Pr\u00e8viament, faran un \u00faltim concert aquest diumenge 14 de juliol a l&#8217;auditori de la Vall d&#8217;Uix\u00f3. Parlem amb Vicente Ortiz, compositor; Sergio Alfonso, president; i Rafa Grau, director de la banda simf\u00f2nica.<\/p>\n\n\n\n<figure class=\"wp-block-audio\"><audio controls src=\"https:\/\/elcafedepipa.com\/wp-content\/uploads\/2024\/07\/schola10jul.mp3\"><\/audio><\/figure>\n","protected":false},"excerpt":{"rendered":"<p>\u00c0UDIO | L&#8217;Ateneu Musical Schola Cantorum es prepara per al Certamen Internacional de Bandes de M\u00fasica Ciutat de Val\u00e8ncia, que se celebrar\u00e0 el pr\u00f2xim 21 de juliol. Pr\u00e8viament, faran un \u00faltim concert aquest diumenge 14 de juliol a l&#8217;auditori de la Vall d&#8217;Uix\u00f3. Parlem amb Vicente Ortiz, compositor; Sergio Alfonso, president; i Rafa Grau, director &#8230; <a title=\"Podcast | La Schola es prepara per al Certamen Internacional de Bandes de M\u00fasica Ciutat de Val\u00e8ncia\" class=\"read-more\" href=\"https:\/\/elcafedepipa.com\/index.php\/2024\/07\/10\/podcast-la-schola-es-prepara-per-al-certamen-internacional-de-de-bandes-de-musica-ciutat-de-valencia\/\" aria-label=\"M\u00e9s informaci\u00f3 sobre Podcast | La Schola es prepara per al Certamen Internacional de Bandes de M\u00fasica Ciutat de Val\u00e8ncia\">Read more<\/a><\/p>\n","protected":false},"author":2,"featured_media":2844,"comment_status":"closed","ping_status":"closed","sticky":false,"template":"","format":"standard","meta":{"om_disable_all_campaigns":false,"_monsterinsights_skip_tracking":false,"_monsterinsights_sitenote_active":false,"_monsterinsights_sitenote_note":"","_monsterinsights_sitenote_category":0,"_uf_show_specific_survey":0,"_uf_disable_surveys":false,"footnotes":""},"categories":[2],"tags":[],"class_list":["post-2843","post","type-post","status-publish","format-standard","has-post-thumbnail","hentry","category-lavallduixo"],"_links":{"self":[{"href":"https:\/\/elcafedepipa.com\/index.php\/wp-json\/wp\/v2\/posts\/2843","targetHints":{"allow":["GET"]}}],"collection":[{"href":"https:\/\/elcafedepipa.com\/index.php\/wp-json\/wp\/v2\/posts"}],"about":[{"href":"https:\/\/elcafedepipa.com\/index.php\/wp-json\/wp\/v2\/types\/post"}],"author":[{"embeddable":true,"href":"https:\/\/elcafedepipa.com\/index.php\/wp-json\/wp\/v2\/users\/2"}],"replies":[{"embeddable":true,"href":"https:\/\/elcafedepipa.com\/index.php\/wp-json\/wp\/v2\/comments?post=2843"}],"version-history":[{"count":0,"href":"https:\/\/elcafedepipa.com\/index.php\/wp-json\/wp\/v2\/posts\/2843\/revisions"}],"wp:featuredmedia":[{"embeddable":true,"href":"https:\/\/elcafedepipa.com\/index.php\/wp-json\/wp\/v2\/media\/2844"}],"wp:attachment":[{"href":"https:\/\/elcafedepipa.com\/index.php\/wp-json\/wp\/v2\/media?parent=2843"}],"wp:term":[{"taxonomy":"category","embeddable":true,"href":"https:\/\/elcafedepipa.com\/index.php\/wp-json\/wp\/v2\/categories?post=2843"},{"taxonomy":"post_tag","embeddable":true,"href":"https:\/\/elcafedepipa.com\/index.php\/wp-json\/wp\/v2\/tags?post=2843"}],"curies":[{"name":"wp","href":"https:\/\/api.w.org\/{rel}","templated":true}]}}