{"id":28419,"date":"2026-08-30T11:55:32","date_gmt":"2026-08-30T09:55:32","guid":{"rendered":"https:\/\/elcafedepipa.com\/?p=28419"},"modified":"2026-08-30T13:28:29","modified_gmt":"2026-08-30T11:28:29","slug":"la-diputacio-provincial-de-castello-reitera-el-seu-suport-a-les-persones-amb-discapacitat-auditiva-i-signa-un-conveni-de-collaboracio-amb-apesocas","status":"publish","type":"post","link":"https:\/\/elcafedepipa.com\/index.php\/2026\/08\/30\/la-diputacio-provincial-de-castello-reitera-el-seu-suport-a-les-persones-amb-discapacitat-auditiva-i-signa-un-conveni-de-collaboracio-amb-apesocas\/","title":{"rendered":"La Diputaci\u00f3 Provincial de Castell\u00f3 reitera el seu suport a les persones amb discapacitat auditiva i signa un conveni de col\u00b7laboraci\u00f3 amb Apesocas"},"content":{"rendered":"\n<p class=\"wp-block-paragraph\"> La Diputaci\u00f3 Provincial de Castell\u00f3 reitera el seu suport a les persones amb discapacitat auditiva i signa un conveni de col\u00b7laboraci\u00f3 amb Apesocas. \u201cPer al Govern Provincial \u00e9s una prioritat promoure pol\u00edtiques i actuacions socials dirigides a millorar la qualitat de vida de les persones i construir una societat m\u00e9s inclusiva, accessible i igualit\u00e0ria\u201d.<\/p>\n\n\n\n<p class=\"wp-block-paragraph\">Amb aquestes paraules, la diputada de Benestar Social, Marisa Torl\u00e0, ha mostrat el comprom\u00eds de la Diputaci\u00f3 de Castell\u00f3 amb el benestar dels castellonencs i ha posat en valor la labor que realitza l&#8217;Associaci\u00f3 de Persones Sordes Verge del Lled\u00f3 de Castell\u00f3 en defensa dels drets de les persones sordes, amb discapacitat auditiva i sordcegues.<\/p>\n\n\n\n<p class=\"wp-block-paragraph\">Un comprom\u00eds ferm i real que es veu reflectit en aquest conveni, que t\u00e9 com a finalitat aconseguir el m\u00e0xim desenvolupament personal i l&#8217;autonomia de les persones sordes, amb discapacitat auditiva i sordcegues, aix\u00ed com afavorir la seua inclusi\u00f3 a tots els nivells, tant de manera individual com col\u00b7lectiva, de forma adaptada a les seues necessitats comunicatives.<\/p>\n\n\n\n<p class=\"wp-block-paragraph\">\u201cEn la Diputaci\u00f3 de Castell\u00f3 prioritzem a les persones en les nostres pol\u00edtiques amb el ferm objectiu de millorar les seues vides, fomentar la seua autonomia i la seua participaci\u00f3 i integraci\u00f3 social\u201d, ha subratllat Torl\u00e0.<\/p>\n\n\n\n<p class=\"wp-block-paragraph\">Aix\u00ed doncs, l&#8217;objectiu del conveni que ha signat la Diputaci\u00f3 de Castell\u00f3 amb Apesocas \u00e9s finan\u00e7ar l&#8217;execuci\u00f3 del projecte \u2018Atenci\u00f3 a Persones Sordes i\/o Sordcegues de la prov\u00edncia de Castell\u00f3\u2019. L&#8217;acord contempla una subvenci\u00f3 de 42.000 euros per a recolzar els programes i serveis que desenvolupa l&#8217;entitat en tota la prov\u00edncia de Castell\u00f3.<\/p>\n\n\n\n<p class=\"wp-block-paragraph\">Aquest projecte, tal com ha explicat la diputada de Benestar Social, inclou actuacions d&#8217;atenci\u00f3 social especialitzada, accessibilitat comunicativa i d&#8217;acc\u00e9s a la informaci\u00f3 mitjan\u00e7ant la interpretaci\u00f3 i guia d&#8217;interpretaci\u00f3 en llengua de signes, aix\u00ed com foment de l&#8217;associacionisme per a \u201cmillorar la participaci\u00f3 social i visibilitzaci\u00f3 del col\u00b7lectiu, mitjan\u00e7ant la gesti\u00f3 associativa\u201d, ha apuntat Marisa Torl\u00e0.<\/p>\n\n\n\n<p class=\"wp-block-paragraph\">En aquest sentit, la diputada provincial ha destacat que gr\u00e0cies a aquest conveni \u201cpromovem la inclusi\u00f3 de les persones sordes, amb discapacitat auditiva i sordcegues en el seu entorn m\u00e9s pr\u00f2xim\u201d. \u201c\u00c9s molt important que eliminem barreres de comunicaci\u00f3 i facilitem la seua plena participaci\u00f3 en la vida social\u201d, ha assenyalat.<\/p>\n\n\n\n<p class=\"wp-block-paragraph\">Marisa Torl\u00e0 ha expressat la seua satisfacci\u00f3 per col\u00b7laborar amb aquesta associaci\u00f3, assenyalant que \u201c\u00e9s una pe\u00e7a clau perqu\u00e8 les persones sordes aconseguisquen la seua plena integraci\u00f3 en la societat\u201d. Aix\u00ed ho ha pogut comprovar en la seua visita al Taller d&#8217;Estimulaci\u00f3 Cognitiva per a Persones Sordes que ha organitzat l&#8217;Associaci\u00f3 de Persones Sordes Verge del Lled\u00f3 de Castell\u00f3.<\/p>\n\n\n\n<p class=\"wp-block-paragraph\">La diputada de Benestar Social ha pogut con\u00e9ixer de prop el treball que desenvolupa l&#8217;associaci\u00f3 amb les persones majors sordes i el funcionament d&#8217;aquest taller, aix\u00ed com compartir una estona amb els usuaris i l&#8217;equip de Apesocas, als qui ha agra\u00eft \u201cla seua dedicaci\u00f3 i esfor\u00e7 diari per a millorar la qualitat de vida de les persones sordes de la nostra terra\u201d.<\/p>\n","protected":false},"excerpt":{"rendered":"<p>La Diputaci\u00f3 Provincial de Castell\u00f3 reitera el seu suport a les persones amb discapacitat auditiva i signa un conveni de col\u00b7laboraci\u00f3 amb Apesocas. \u201cPer al Govern Provincial \u00e9s una prioritat promoure pol\u00edtiques i actuacions socials dirigides a millorar la qualitat de vida de les persones i construir una societat m\u00e9s inclusiva, accessible i igualit\u00e0ria\u201d. Amb &#8230; <a title=\"La Diputaci\u00f3 Provincial de Castell\u00f3 reitera el seu suport a les persones amb discapacitat auditiva i signa un conveni de col\u00b7laboraci\u00f3 amb Apesocas\" class=\"read-more\" href=\"https:\/\/elcafedepipa.com\/index.php\/2026\/08\/30\/la-diputacio-provincial-de-castello-reitera-el-seu-suport-a-les-persones-amb-discapacitat-auditiva-i-signa-un-conveni-de-collaboracio-amb-apesocas\/\" aria-label=\"M\u00e9s informaci\u00f3 sobre La Diputaci\u00f3 Provincial de Castell\u00f3 reitera el seu suport a les persones amb discapacitat auditiva i signa un conveni de col\u00b7laboraci\u00f3 amb Apesocas\">Read more<\/a><\/p>\n","protected":false},"author":5,"featured_media":28421,"comment_status":"closed","ping_status":"closed","sticky":false,"template":"","format":"standard","meta":{"om_disable_all_campaigns":false,"_monsterinsights_skip_tracking":false,"_uf_show_specific_survey":0,"_uf_disable_surveys":false,"slim_seo":{"title":"La Diputaci\u00f3 Provincial de Castell\u00f3 reitera el seu suport a les persones amb discapacitat auditiva i signa un conveni de col\u00b7laboraci\u00f3 amb Apesocas - El caf\u00e9 de Pipa","description":"La Diputaci\u00f3 Provincial de Castell\u00f3 reitera el seu suport a les persones amb discapacitat auditiva i signa un conveni de col\u00b7laboraci\u00f3 amb Apesocas. \u201cPer al Gov"},"footnotes":""},"categories":[1,10],"tags":[],"ppma_author":[75],"class_list":["post-28419","post","type-post","status-publish","format-standard","has-post-thumbnail","hentry","category-non-classe","category-provinciadecastello"],"distributor_meta":false,"distributor_terms":false,"distributor_media":false,"distributor_original_site_name":"El caf\u00e9 de Pipa","distributor_original_site_url":"https:\/\/elcafedepipa.com","push-errors":false,"authors":[{"term_id":75,"user_id":5,"is_guest":0,"slug":"vicentarnau","display_name":"Vicent Arnau Forner","avatar_url":"https:\/\/secure.gravatar.com\/avatar\/b6bbb5d9d4a2f81c9489990a7f05494fa0066b3db023740311cd0a4d00ee56fe?s=96&d=mm&r=g","author_category":"","first_name":"Vicent","last_name":"Arnau Forner","user_url":"","job_title":"","description":""}],"_links":{"self":[{"href":"https:\/\/elcafedepipa.com\/index.php\/wp-json\/wp\/v2\/posts\/28419","targetHints":{"allow":["GET"]}}],"collection":[{"href":"https:\/\/elcafedepipa.com\/index.php\/wp-json\/wp\/v2\/posts"}],"about":[{"href":"https:\/\/elcafedepipa.com\/index.php\/wp-json\/wp\/v2\/types\/post"}],"author":[{"embeddable":true,"href":"https:\/\/elcafedepipa.com\/index.php\/wp-json\/wp\/v2\/users\/5"}],"replies":[{"embeddable":true,"href":"https:\/\/elcafedepipa.com\/index.php\/wp-json\/wp\/v2\/comments?post=28419"}],"version-history":[{"count":1,"href":"https:\/\/elcafedepipa.com\/index.php\/wp-json\/wp\/v2\/posts\/28419\/revisions"}],"predecessor-version":[{"id":28422,"href":"https:\/\/elcafedepipa.com\/index.php\/wp-json\/wp\/v2\/posts\/28419\/revisions\/28422"}],"wp:featuredmedia":[{"embeddable":true,"href":"https:\/\/elcafedepipa.com\/index.php\/wp-json\/wp\/v2\/media\/28421"}],"wp:attachment":[{"href":"https:\/\/elcafedepipa.com\/index.php\/wp-json\/wp\/v2\/media?parent=28419"}],"wp:term":[{"taxonomy":"category","embeddable":true,"href":"https:\/\/elcafedepipa.com\/index.php\/wp-json\/wp\/v2\/categories?post=28419"},{"taxonomy":"post_tag","embeddable":true,"href":"https:\/\/elcafedepipa.com\/index.php\/wp-json\/wp\/v2\/tags?post=28419"},{"taxonomy":"author","embeddable":true,"href":"https:\/\/elcafedepipa.com\/index.php\/wp-json\/wp\/v2\/ppma_author?post=28419"}],"curies":[{"name":"wp","href":"https:\/\/api.w.org\/{rel}","templated":true}]}}