{"id":28402,"date":"2026-08-29T22:01:53","date_gmt":"2026-08-29T20:01:53","guid":{"rendered":"https:\/\/elcafedepipa.com\/?p=28402"},"modified":"2026-08-29T22:01:53","modified_gmt":"2026-08-29T20:01:53","slug":"la-diputacio-de-castello-atorga-lalta-distincio-a-juan-ripolles","status":"publish","type":"post","link":"https:\/\/elcafedepipa.com\/index.php\/2026\/08\/29\/la-diputacio-de-castello-atorga-lalta-distincio-a-juan-ripolles\/","title":{"rendered":"La Diputaci\u00f3 de Castell\u00f3 atorga l\u2019Alta Distinci\u00f3 a Juan Ripoll\u00e9s"},"content":{"rendered":"\n<p class=\"wp-block-paragraph\"><\/p>\n\n\n\n<p class=\"wp-block-paragraph\">L&#8217;homenatge al prol\u00edfic creador castellonenc tindr\u00e0 lloc durant la celebraci\u00f3 del Dia de la Prov\u00edncia d&#8217;enguany, destacant la seua labor com a \u201cforja de creativitat, orgull de la nostra terra i bandera art\u00edstica d&#8217;una prov\u00edncia que engrandeix\u201d mentre mant\u00e9 la seua activitat creativa des del seu refugi de Mas de Flors.<\/p>\n\n\n\n<p class=\"wp-block-paragraph\">Aix\u00ed mateix, la presidenta provincial, Marta Barrachina, ha enaltit la figura d&#8217;este ve\u00ed \u201cglobal\u201d ressaltant que \u201cJuan *Ripoll\u00e9s \u00e9s molt m\u00e9s que la seua prol\u00edfica producci\u00f3, \u00e9s saviesa, sentiment i emoci\u00f3. \u00c9s emblema d&#8217;una prov\u00edncia que ens apassiona\u201d.<\/p>\n\n\n\n<p class=\"wp-block-paragraph\">L&#8217;acte institucional del Dia de la Prov\u00edncia se celebrar\u00e0 el pr\u00f2xim 2 d&#8217;octubre a Figueroles, on la seua terra natal retr\u00e0 homenatge a eixa \u201cexpressi\u00f3 vital\u201d que l&#8217;autor continua forjant hui i que la corporaci\u00f3 reconeix amb l&#8217;Alta Distinci\u00f3.<\/p>\n\n\n\n<p class=\"wp-block-paragraph\">En este sentit, la instituci\u00f3 ha remarcat que \u201cForja de creativitat, orgull de la nostra terra i bandera d&#8217;una prov\u00edncia, la de Castell\u00f3, que fa gran amb la seua prol\u00edfica producci\u00f3. \u00c9s una Alta Distinci\u00f3 que reconeix eixe treball incansable que exerceix des de fa m\u00e9s de mig segle i que reconeixem no sols els qui li coneixem, sin\u00f3 el m\u00f3n sencer, perqu\u00e8 Juan Ripoll\u00e9s \u00e9s un artista global\u201d.<\/p>\n\n\n\n<p class=\"wp-block-paragraph\">Les obres de Juan Ripoll\u00e9s, fruit de la passi\u00f3 d&#8217;unes mans d&#8217;artista, reben l&#8217;admiraci\u00f3 de p\u00fablics dels cinc continents on s&#8217;exhibeixen, afegint que \u201cI enguany, a Figueroles, tindrem l&#8217;honor de recon\u00e9ixer eixe treball incansable, que segueix hui en Mas de Flors, perqu\u00e8 quan l&#8217;art bomba la sang i oxigena l&#8217;esperit, no hi ha descans per a la creativitat\u201d.<\/p>\n\n\n\n<p class=\"wp-block-paragraph\">Des d&#8217;un entorn natural il\u00b7luminat pel sol d&#8217;una prov\u00edncia resplendent i abrigallat per una terra \u201cque li vol\u201d, el creador ha manifestat el seu agra\u00efment per un guard\u00f3 que palesa l&#8217;estima del seu territori i la rellev\u00e0ncia del seu treball.<\/p>\n\n\n\n<p class=\"wp-block-paragraph\">Guiat per la seua labor di\u00e0ria i la incertesa \u201cque ens fa humans\u201d, la saviesa acompanya este ve\u00ed de Sant Joan de Mor\u00f3 que prossegueix gaudint de la creaci\u00f3, destacant que \u201cL&#8217;expressi\u00f3 \u00e9s vida en Juan Ripoll\u00e9s. L&#8217;art, la injecci\u00f3 vital de la seua obra. I la seua terra, una passi\u00f3 que li devia un reconeixement hist\u00f2ric a la seua dedicaci\u00f3 i treball\u201d.<\/p>\n\n\n\n<p class=\"wp-block-paragraph\">Finalment, la presidenta de la Diputaci\u00f3 de Castell\u00f3, Marta Barrachina, ha concl\u00f2s ressaltant que \u201ceixe valor, eixe orgull d&#8217;identitat i eixa bandera, que Juan Ripoll\u00e9s enarbora amb cada pe\u00e7a, cada obra, \u00e9s la que el 2 d&#8217;octubre posarem de manifest en un acte que era un deure d&#8217;aquesta prov\u00edncia. Amb l&#8217;afecte que Castell\u00f3 li professa i el valor que la seua obra atresora\u201d.<\/p>\n","protected":false},"excerpt":{"rendered":"<p>L&#8217;homenatge al prol\u00edfic creador castellonenc tindr\u00e0 lloc durant la celebraci\u00f3 del Dia de la Prov\u00edncia d&#8217;enguany, destacant la seua labor com a \u201cforja de creativitat, orgull de la nostra terra i bandera art\u00edstica d&#8217;una prov\u00edncia que engrandeix\u201d mentre mant\u00e9 la seua activitat creativa des del seu refugi de Mas de Flors. Aix\u00ed mateix, la presidenta &#8230; <a title=\"La Diputaci\u00f3 de Castell\u00f3 atorga l\u2019Alta Distinci\u00f3 a Juan Ripoll\u00e9s\" class=\"read-more\" href=\"https:\/\/elcafedepipa.com\/index.php\/2026\/08\/29\/la-diputacio-de-castello-atorga-lalta-distincio-a-juan-ripolles\/\" aria-label=\"M\u00e9s informaci\u00f3 sobre La Diputaci\u00f3 de Castell\u00f3 atorga l\u2019Alta Distinci\u00f3 a Juan Ripoll\u00e9s\">Read more<\/a><\/p>\n","protected":false},"author":5,"featured_media":28403,"comment_status":"open","ping_status":"closed","sticky":false,"template":"","format":"standard","meta":{"om_disable_all_campaigns":false,"_monsterinsights_skip_tracking":false,"_uf_show_specific_survey":0,"_uf_disable_surveys":false,"slim_seo":{"title":"La Diputaci\u00f3 de Castell\u00f3 atorga l\u2019Alta Distinci\u00f3 a Juan Ripoll\u00e9s - El caf\u00e9 de Pipa","description":"L'homenatge al prol\u00edfic creador castellonenc tindr\u00e0 lloc durant la celebraci\u00f3 del Dia de la Prov\u00edncia d'enguany, destacant la seua labor com a \u201cforja de creativ"},"footnotes":""},"categories":[10],"tags":[],"ppma_author":[75],"class_list":["post-28402","post","type-post","status-publish","format-standard","has-post-thumbnail","hentry","category-provinciadecastello"],"distributor_meta":false,"distributor_terms":false,"distributor_media":false,"distributor_original_site_name":"Info Nord","distributor_original_site_url":"https:\/\/infonord.es","push-errors":false,"authors":[{"term_id":75,"user_id":5,"is_guest":0,"slug":"vicentarnau","display_name":"Vicent Arnau Forner","avatar_url":"https:\/\/secure.gravatar.com\/avatar\/b6bbb5d9d4a2f81c9489990a7f05494fa0066b3db023740311cd0a4d00ee56fe?s=96&d=mm&r=g","author_category":"","first_name":"Vicent","last_name":"Arnau Forner","user_url":"","job_title":"","description":""}],"_links":{"self":[{"href":"https:\/\/elcafedepipa.com\/index.php\/wp-json\/wp\/v2\/posts\/28402","targetHints":{"allow":["GET"]}}],"collection":[{"href":"https:\/\/elcafedepipa.com\/index.php\/wp-json\/wp\/v2\/posts"}],"about":[{"href":"https:\/\/elcafedepipa.com\/index.php\/wp-json\/wp\/v2\/types\/post"}],"author":[{"embeddable":true,"href":"https:\/\/elcafedepipa.com\/index.php\/wp-json\/wp\/v2\/users\/5"}],"replies":[{"embeddable":true,"href":"https:\/\/elcafedepipa.com\/index.php\/wp-json\/wp\/v2\/comments?post=28402"}],"version-history":[{"count":1,"href":"https:\/\/elcafedepipa.com\/index.php\/wp-json\/wp\/v2\/posts\/28402\/revisions"}],"predecessor-version":[{"id":28404,"href":"https:\/\/elcafedepipa.com\/index.php\/wp-json\/wp\/v2\/posts\/28402\/revisions\/28404"}],"wp:featuredmedia":[{"embeddable":true,"href":"https:\/\/elcafedepipa.com\/index.php\/wp-json\/wp\/v2\/media\/28403"}],"wp:attachment":[{"href":"https:\/\/elcafedepipa.com\/index.php\/wp-json\/wp\/v2\/media?parent=28402"}],"wp:term":[{"taxonomy":"category","embeddable":true,"href":"https:\/\/elcafedepipa.com\/index.php\/wp-json\/wp\/v2\/categories?post=28402"},{"taxonomy":"post_tag","embeddable":true,"href":"https:\/\/elcafedepipa.com\/index.php\/wp-json\/wp\/v2\/tags?post=28402"},{"taxonomy":"author","embeddable":true,"href":"https:\/\/elcafedepipa.com\/index.php\/wp-json\/wp\/v2\/ppma_author?post=28402"}],"curies":[{"name":"wp","href":"https:\/\/api.w.org\/{rel}","templated":true}]}}