{"id":2831,"date":"2024-07-10T10:43:21","date_gmt":"2024-07-10T08:43:21","guid":{"rendered":"https:\/\/elcafedepipa.com\/?p=2831"},"modified":"2024-07-11T09:50:58","modified_gmt":"2024-07-11T07:50:58","slug":"286-corredors-participen-en-la-v-10k-nocturna-platges-de-moncofa","status":"publish","type":"post","link":"https:\/\/elcafedepipa.com\/index.php\/2024\/07\/10\/286-corredors-participen-en-la-v-10k-nocturna-platges-de-moncofa\/","title":{"rendered":"286 corredors participen en la V 10K nocturna en la platja de Moncofa"},"content":{"rendered":"\n<p style=\"font-size:24px\"><strong>Jordi Ripoll Ram\u00edrez i Neus Mart\u00ed Ferrer guanyen la cursa<\/strong><\/p>\n\n\n\n<p>Un total de 286 corredors van participar dissabte en la V 10K nocturna Platges de Moncofa, aconseguint un r\u00e8cord d&#8217;assist\u00e8ncia en els cinc anys d&#8217;aquesta cita esportiva. Prop de 300 esportistes van rec\u00f3rrer a partir de les 22 hores el circuit costaner.<\/p>\n\n\n\n<p>Jordi Ripoll Ram\u00edrez va guanyar amb un temps de 00:32:56, mentre que Neus Mart\u00ed Ferrer va ser la primera dona amb un temps de 00:46:16. Tots els participants van rebre una bossa amb materials promocionals, la samarreta de la quinta edici\u00f3 i el dorsal de la cursa.<\/p>\n\n\n\n<p>La regidora d\u2019Esports, Arantxa Igual, va destacar l&#8217;\u00e8xit de l\u2019esdeveniment, que ja \u00e9s imprescindible en l\u2019agenda esportiva estival, i va agrair la col\u00b7laboraci\u00f3 del Club de Petanca de Moncofa, el Club Ciclista ACE Moncofa, Policia Local, Protecci\u00f3 Civil i les ambul\u00e0ncies amb els seus equips sanitaris.<\/p>\n\n\n\n<p>L\u2019empresa H&amp;J Crono va gestionar els preparatius d\u2019aquesta cursa, part del Circuit de Proves Populars, que va atraure esportistes de localitats ve\u00efnes i de prov\u00edncies com Madrid, S\u00f2ria, Sevilla, Saragossa i Tarragona. Al final, els corredors van felicitar l\u2019Ajuntament per l\u2019organitzaci\u00f3 de l\u2019esdeveniment.<\/p>\n\n\n\n<p><\/p>\n","protected":false},"excerpt":{"rendered":"<p>Jordi Ripoll Ram\u00edrez i Neus Mart\u00ed Ferrer guanyen la cursa Un total de 286 corredors van participar dissabte en la V 10K nocturna Platges de Moncofa, aconseguint un r\u00e8cord d&#8217;assist\u00e8ncia en els cinc anys d&#8217;aquesta cita esportiva. Prop de 300 esportistes van rec\u00f3rrer a partir de les 22 hores el circuit costaner. Jordi Ripoll Ram\u00edrez &#8230; <a title=\"286 corredors participen en la V 10K nocturna en la platja de Moncofa\" class=\"read-more\" href=\"https:\/\/elcafedepipa.com\/index.php\/2024\/07\/10\/286-corredors-participen-en-la-v-10k-nocturna-platges-de-moncofa\/\" aria-label=\"M\u00e9s informaci\u00f3 sobre 286 corredors participen en la V 10K nocturna en la platja de Moncofa\">Read more<\/a><\/p>\n","protected":false},"author":2,"featured_media":2832,"comment_status":"closed","ping_status":"closed","sticky":false,"template":"","format":"standard","meta":{"om_disable_all_campaigns":false,"_monsterinsights_skip_tracking":false,"_monsterinsights_sitenote_active":false,"_monsterinsights_sitenote_note":"","_monsterinsights_sitenote_category":0,"_uf_show_specific_survey":0,"_uf_disable_surveys":false,"footnotes":""},"categories":[4],"tags":[],"class_list":["post-2831","post","type-post","status-publish","format-standard","has-post-thumbnail","hentry","category-moncofa"],"_links":{"self":[{"href":"https:\/\/elcafedepipa.com\/index.php\/wp-json\/wp\/v2\/posts\/2831","targetHints":{"allow":["GET"]}}],"collection":[{"href":"https:\/\/elcafedepipa.com\/index.php\/wp-json\/wp\/v2\/posts"}],"about":[{"href":"https:\/\/elcafedepipa.com\/index.php\/wp-json\/wp\/v2\/types\/post"}],"author":[{"embeddable":true,"href":"https:\/\/elcafedepipa.com\/index.php\/wp-json\/wp\/v2\/users\/2"}],"replies":[{"embeddable":true,"href":"https:\/\/elcafedepipa.com\/index.php\/wp-json\/wp\/v2\/comments?post=2831"}],"version-history":[{"count":0,"href":"https:\/\/elcafedepipa.com\/index.php\/wp-json\/wp\/v2\/posts\/2831\/revisions"}],"wp:featuredmedia":[{"embeddable":true,"href":"https:\/\/elcafedepipa.com\/index.php\/wp-json\/wp\/v2\/media\/2832"}],"wp:attachment":[{"href":"https:\/\/elcafedepipa.com\/index.php\/wp-json\/wp\/v2\/media?parent=2831"}],"wp:term":[{"taxonomy":"category","embeddable":true,"href":"https:\/\/elcafedepipa.com\/index.php\/wp-json\/wp\/v2\/categories?post=2831"},{"taxonomy":"post_tag","embeddable":true,"href":"https:\/\/elcafedepipa.com\/index.php\/wp-json\/wp\/v2\/tags?post=2831"}],"curies":[{"name":"wp","href":"https:\/\/api.w.org\/{rel}","templated":true}]}}