{"id":2781,"date":"2024-07-09T10:06:31","date_gmt":"2024-07-09T08:06:31","guid":{"rendered":"https:\/\/elcafedepipa.com\/?p=2781"},"modified":"2024-07-09T10:06:33","modified_gmt":"2024-07-09T08:06:33","slug":"lajuntament-de-la-vall-duixo-denuncia-que-la-generalitat-ha-resolt-el-26-de-sollicituds-de-dependencia-denguany","status":"publish","type":"post","link":"https:\/\/elcafedepipa.com\/index.php\/2024\/07\/09\/lajuntament-de-la-vall-duixo-denuncia-que-la-generalitat-ha-resolt-el-26-de-sollicituds-de-dependencia-denguany\/","title":{"rendered":"L&#8217;Ajuntament de la Vall d&#8217;Uix\u00f3 denuncia que la Generalitat ha resolt el 2,6% de sol\u00b7licituds de depend\u00e8ncia d&#8217;enguany"},"content":{"rendered":"\n<p style=\"font-size:24px\"><strong>De 193 peticions ha aprovat 5 i l&#8217;autoritzaci\u00f3 de les valoracions pateix un retard de 6 mesos<\/strong><\/p>\n\n\n\n<p>L&#8217;Ajuntament de la Vall d\u2019Uix\u00f3 ha denunciat la llarga espera en la resoluci\u00f3 dels expedients de la Llei de Depend\u00e8ncia per part de la Generalitat Valenciana. En el primer semestre de 2024, s&#8217;han registrat 193 sol\u00b7licituds, per\u00f2 nom\u00e9s&nbsp;se n&#8217;han resolt&nbsp;5, el 2,6% del total. Aix\u00f2 contrasta amb el 2023, quan es van resoldre el 72% de les 527 sol\u00b7licituds.<\/p>\n\n\n\n<p>El regidor de Serveis Socials, Jorge Marqu\u00e9s, ha explicat que la reducci\u00f3 en el nombre de peticions es deu al fet que la Conselleria tarda mesos\u00a0en\u00a0autoritzar l&#8217;inici dels tr\u00e0mits de valoraci\u00f3, endarrerint tot el proc\u00e9s. Marqu\u00e9s ha lamentat: &#8220;La situaci\u00f3 recorda als anys anteriors a 2015, quan els expedients s&#8217;acumulaven i les persones morien sense tenir la depend\u00e8ncia aprovada ni cobrar la prestaci\u00f3. Ha recordat que l&#8217;administraci\u00f3 t\u00e9\u00a06\u00a0mesos per resoldre i comen\u00e7ar el pagament, per la qual cosa la Generalitat est\u00e0 incomplint aquests terminis.<\/p>\n\n\n\n<p>Com a resposta, l&#8217;Ajuntament ha activat una nova assessoria jur\u00eddica de serveis socials, on qualsevol persona pot formalitzar una queixa o den\u00fancia a la Generalitat Valenciana mitjan\u00e7ant el&nbsp;S\u00edndic de Greuges. Per a sol\u00b7licitar cita, cal acudir al punt d&#8217;informaci\u00f3 de la Regidoria de Serveis Socials (avinguda Jaume I, 30).<\/p>\n\n\n\n<p>Marqu\u00e9s ha exigit a Maz\u00f3n i la consellera\u00a0Camarero que garantiren la llei de la depend\u00e8ncia per ser una prioritat per a una poblaci\u00f3 envellida. Aix\u00ed, ha demanat que es posen a treballar despr\u00e9s d&#8217;un any de mala gesti\u00f3 i falta de capacitat.<\/p>\n\n\n\n<p>El proc\u00e9s comen\u00e7a amb la sol\u00b7licitud de la prestaci\u00f3 a trav\u00e9s de l&#8217;Ajuntament, que obri l&#8217;expedient i l&#8217;envia a la Conselleria de Serveis Socials per a l&#8217;autoritzaci\u00f3. Abans, aquest tr\u00e0mit tardava entre 1 i 2 dies, per\u00f2 ara dura entre 5 i 6 mesos. Una vegada autoritzat, una treballadora social visita el domicili per a proposar un grau de depend\u00e8ncia. L&#8217;informe es remet a la Generalitat, que estableix&nbsp;el PIA&nbsp;(programa individual d&#8217;atenci\u00f3) i la resoluci\u00f3 definitiva amb una assignaci\u00f3 econ\u00f2mica. Tot i que els expedients es resolen,&nbsp;el PIA&nbsp;no s&#8217;est\u00e0 gestionant, impedint que els diners arriben a les fam\u00edlies. Davant aquesta situaci\u00f3, l&#8217;Ajuntament ser\u00e0 exigent en la defensa de la ciutadania i dels seus drets, govern qui governe, ha concl\u00f2s el regidor.<\/p>\n","protected":false},"excerpt":{"rendered":"<p>De 193 peticions ha aprovat 5 i l&#8217;autoritzaci\u00f3 de les valoracions pateix un retard de 6 mesos L&#8217;Ajuntament de la Vall d\u2019Uix\u00f3 ha denunciat la llarga espera en la resoluci\u00f3 dels expedients de la Llei de Depend\u00e8ncia per part de la Generalitat Valenciana. En el primer semestre de 2024, s&#8217;han registrat 193 sol\u00b7licituds, per\u00f2 nom\u00e9s&nbsp;se &#8230; <a title=\"L&#8217;Ajuntament de la Vall d&#8217;Uix\u00f3 denuncia que la Generalitat ha resolt el 2,6% de sol\u00b7licituds de depend\u00e8ncia d&#8217;enguany\" class=\"read-more\" href=\"https:\/\/elcafedepipa.com\/index.php\/2024\/07\/09\/lajuntament-de-la-vall-duixo-denuncia-que-la-generalitat-ha-resolt-el-26-de-sollicituds-de-dependencia-denguany\/\" aria-label=\"M\u00e9s informaci\u00f3 sobre L&#8217;Ajuntament de la Vall d&#8217;Uix\u00f3 denuncia que la Generalitat ha resolt el 2,6% de sol\u00b7licituds de depend\u00e8ncia d&#8217;enguany\">Read more<\/a><\/p>\n","protected":false},"author":2,"featured_media":2782,"comment_status":"closed","ping_status":"closed","sticky":false,"template":"","format":"standard","meta":{"om_disable_all_campaigns":false,"_monsterinsights_skip_tracking":false,"_monsterinsights_sitenote_active":false,"_monsterinsights_sitenote_note":"","_monsterinsights_sitenote_category":0,"_uf_show_specific_survey":0,"_uf_disable_surveys":false,"footnotes":""},"categories":[2],"tags":[],"class_list":["post-2781","post","type-post","status-publish","format-standard","has-post-thumbnail","hentry","category-lavallduixo"],"_links":{"self":[{"href":"https:\/\/elcafedepipa.com\/index.php\/wp-json\/wp\/v2\/posts\/2781","targetHints":{"allow":["GET"]}}],"collection":[{"href":"https:\/\/elcafedepipa.com\/index.php\/wp-json\/wp\/v2\/posts"}],"about":[{"href":"https:\/\/elcafedepipa.com\/index.php\/wp-json\/wp\/v2\/types\/post"}],"author":[{"embeddable":true,"href":"https:\/\/elcafedepipa.com\/index.php\/wp-json\/wp\/v2\/users\/2"}],"replies":[{"embeddable":true,"href":"https:\/\/elcafedepipa.com\/index.php\/wp-json\/wp\/v2\/comments?post=2781"}],"version-history":[{"count":0,"href":"https:\/\/elcafedepipa.com\/index.php\/wp-json\/wp\/v2\/posts\/2781\/revisions"}],"wp:featuredmedia":[{"embeddable":true,"href":"https:\/\/elcafedepipa.com\/index.php\/wp-json\/wp\/v2\/media\/2782"}],"wp:attachment":[{"href":"https:\/\/elcafedepipa.com\/index.php\/wp-json\/wp\/v2\/media?parent=2781"}],"wp:term":[{"taxonomy":"category","embeddable":true,"href":"https:\/\/elcafedepipa.com\/index.php\/wp-json\/wp\/v2\/categories?post=2781"},{"taxonomy":"post_tag","embeddable":true,"href":"https:\/\/elcafedepipa.com\/index.php\/wp-json\/wp\/v2\/tags?post=2781"}],"curies":[{"name":"wp","href":"https:\/\/api.w.org\/{rel}","templated":true}]}}