{"id":2752,"date":"2024-07-08T12:18:00","date_gmt":"2024-07-08T10:18:00","guid":{"rendered":"https:\/\/elcafedepipa.com\/?p=2752"},"modified":"2024-07-08T12:49:38","modified_gmt":"2024-07-08T10:49:38","slug":"la-diputacio-de-castello-impulsa-locupacio-a-linterior-amb-un-nou-pla-docupacio","status":"publish","type":"post","link":"https:\/\/elcafedepipa.com\/index.php\/2024\/07\/08\/la-diputacio-de-castello-impulsa-locupacio-a-linterior-amb-un-nou-pla-docupacio\/","title":{"rendered":"La Diputaci\u00f3 de Castell\u00f3 promou la generaci\u00f3 d&#8217;oportunitats a l&#8217;interior amb el Pla d&#8217;Ocupaci\u00f3 propi"},"content":{"rendered":"\n<p style=\"font-size:24px\"><strong>Sis persones seran contractades com a auxiliars administratius en municipis de l&#8217;interior<\/strong><\/p>\n\n\n\n<p>La Diputaci\u00f3 Provincial de Castell\u00f3 ha aprovat un Pla d&#8217;Ocupaci\u00f3 propi amb la finalitat de generar oportunitats i fomentar el desenvolupament rural. Aquest pla preveu la contractaci\u00f3 de sis auxiliars administratius per als Centres de Desenvolupament Econ\u00f2mic i Social (CEDES) situats en diversos municipis de l&#8217;interior de la prov\u00edncia. La presidenta de la Diputaci\u00f3, Marta&nbsp;Barrachina, ha destacat que aquest pla contribuir\u00e0 a fixar poblaci\u00f3 en els municipis m\u00e9s petits i millorar els serveis de la Diputaci\u00f3.<\/p>\n\n\n\n<p>Amb una dotaci\u00f3 de 70.000 euros, aquest pla se centra en persones desocupades, especialment joves i dones, inscrites com a demandants d&#8217;ocupaci\u00f3 als centres Labora de la Generalitat. Les persones contractades treballaran en els&nbsp;CEDES&nbsp;de Morella, Alboc\u00e0sser, Llucena, Vall d&#8217;Alba,&nbsp;Sogorb&nbsp;i el Centre Soci Cultural de Benassal, on&nbsp;acompliran&nbsp;tasques d&#8217;atenci\u00f3 al p\u00fablic i suport administratiu.<\/p>\n\n\n\n<p>Els contractes tindran una duraci\u00f3 m\u00ednima de tres mesos i m\u00e0xima de dotze mesos, amb un salari m\u00ednim interprofessional garantit. Les persones benefici\u00e0ries hauran de tenir, com a m\u00ednim, un Cicle Formatiu de Grau Mitj\u00e0 en Gesti\u00f3 Administrativa o un Certificat de Professionalitat de nivell 2 de la fam\u00edlia d&#8217;Administraci\u00f3 i Gesti\u00f3.<\/p>\n\n\n\n<p>Aquest Pla d&#8217;Ocupaci\u00f3 se suma als 1,2 milions d&#8217;euros destinats al foment de l&#8217;ocupaci\u00f3 en tot el territori provincial. Les subvencions per a aquest pla ja s&#8217;han concedit als ajuntaments que ho han sol\u00b7licitat, amb una quantia m\u00ednima garantida de 8.888,88 euros per ajuntament.<\/p>\n\n\n\n<p><strong>Major flexibilitat en les contractacions<br><\/strong>Com a novetat, aquest any es permet que els contractes comencen amb data anterior a la concessi\u00f3 de la subvenci\u00f3, i les despeses seran elegibles fins al 8 de novembre de 2024. Els contractes seran per a obres o serveis d&#8217;inter\u00e9s&nbsp;general i social, com el manteniment d&#8217;immobles i espais p\u00fablics, la protecci\u00f3 de zones naturals, la promoci\u00f3 del turisme, el desenvolupament cultural, la promoci\u00f3 de l&#8217;esport i el sector audiovisual, aix\u00ed com el manteniment del patrimoni cultural.<\/p>\n","protected":false},"excerpt":{"rendered":"<p>Sis persones seran contractades com a auxiliars administratius en municipis de l&#8217;interior La Diputaci\u00f3 Provincial de Castell\u00f3 ha aprovat un Pla d&#8217;Ocupaci\u00f3 propi amb la finalitat de generar oportunitats i fomentar el desenvolupament rural. Aquest pla preveu la contractaci\u00f3 de sis auxiliars administratius per als Centres de Desenvolupament Econ\u00f2mic i Social (CEDES) situats en diversos &#8230; <a title=\"La Diputaci\u00f3 de Castell\u00f3 promou la generaci\u00f3 d&#8217;oportunitats a l&#8217;interior amb el Pla d&#8217;Ocupaci\u00f3 propi\" class=\"read-more\" href=\"https:\/\/elcafedepipa.com\/index.php\/2024\/07\/08\/la-diputacio-de-castello-impulsa-locupacio-a-linterior-amb-un-nou-pla-docupacio\/\" aria-label=\"M\u00e9s informaci\u00f3 sobre La Diputaci\u00f3 de Castell\u00f3 promou la generaci\u00f3 d&#8217;oportunitats a l&#8217;interior amb el Pla d&#8217;Ocupaci\u00f3 propi\">Read more<\/a><\/p>\n","protected":false},"author":2,"featured_media":2753,"comment_status":"closed","ping_status":"closed","sticky":false,"template":"","format":"standard","meta":{"om_disable_all_campaigns":false,"_monsterinsights_skip_tracking":false,"_monsterinsights_sitenote_active":false,"_monsterinsights_sitenote_note":"","_monsterinsights_sitenote_category":0,"_uf_show_specific_survey":0,"_uf_disable_surveys":false,"footnotes":""},"categories":[10],"tags":[],"class_list":["post-2752","post","type-post","status-publish","format-standard","has-post-thumbnail","hentry","category-provinciadecastello"],"_links":{"self":[{"href":"https:\/\/elcafedepipa.com\/index.php\/wp-json\/wp\/v2\/posts\/2752","targetHints":{"allow":["GET"]}}],"collection":[{"href":"https:\/\/elcafedepipa.com\/index.php\/wp-json\/wp\/v2\/posts"}],"about":[{"href":"https:\/\/elcafedepipa.com\/index.php\/wp-json\/wp\/v2\/types\/post"}],"author":[{"embeddable":true,"href":"https:\/\/elcafedepipa.com\/index.php\/wp-json\/wp\/v2\/users\/2"}],"replies":[{"embeddable":true,"href":"https:\/\/elcafedepipa.com\/index.php\/wp-json\/wp\/v2\/comments?post=2752"}],"version-history":[{"count":0,"href":"https:\/\/elcafedepipa.com\/index.php\/wp-json\/wp\/v2\/posts\/2752\/revisions"}],"wp:featuredmedia":[{"embeddable":true,"href":"https:\/\/elcafedepipa.com\/index.php\/wp-json\/wp\/v2\/media\/2753"}],"wp:attachment":[{"href":"https:\/\/elcafedepipa.com\/index.php\/wp-json\/wp\/v2\/media?parent=2752"}],"wp:term":[{"taxonomy":"category","embeddable":true,"href":"https:\/\/elcafedepipa.com\/index.php\/wp-json\/wp\/v2\/categories?post=2752"},{"taxonomy":"post_tag","embeddable":true,"href":"https:\/\/elcafedepipa.com\/index.php\/wp-json\/wp\/v2\/tags?post=2752"}],"curies":[{"name":"wp","href":"https:\/\/api.w.org\/{rel}","templated":true}]}}