{"id":2689,"date":"2024-07-05T10:17:56","date_gmt":"2024-07-05T08:17:56","guid":{"rendered":"https:\/\/elcafedepipa.com\/?p=2689"},"modified":"2024-07-05T10:17:58","modified_gmt":"2024-07-05T08:17:58","slug":"la-diputacio-posa-musica-barroca-a-la-ceramica-de-la-provincia-amb-el-nou-cicle-cupules-blaves","status":"publish","type":"post","link":"https:\/\/elcafedepipa.com\/index.php\/2024\/07\/05\/la-diputacio-posa-musica-barroca-a-la-ceramica-de-la-provincia-amb-el-nou-cicle-cupules-blaves\/","title":{"rendered":"La Diputaci\u00f3 posa m\u00fasica barroca a la cer\u00e0mica de la prov\u00edncia amb el nou cicle \u2018C\u00fapules Blaves\u2019"},"content":{"rendered":"\n<p style=\"font-size:24px\"><strong>La iniciativa comen\u00e7a el 6 de juliol a Costur i continua fins al setembre<\/strong><\/p>\n\n\n\n<p>La Diputaci\u00f3 Provincial de Castell\u00f3 posar\u00e0 m\u00fasica a la cer\u00e0mica de la prov\u00edncia amb el nou cicle &#8216;C\u00fapules Blaves&#8217;. Aquesta iniciativa portar\u00e0 m\u00fasica barroca a huit municipis, amb concerts de l\u2019Estan\u00e7a Harm\u00f2nica, comen\u00e7ant el dissabte 6 de juliol a Costur i continuant fins al setembre.<\/p>\n\n\n\n<p>El tema &#8216;C\u00fapules Blaves&#8217; s&#8217;inspira en la silueta dels pobles definida per les c\u00fapules blaves de les esgl\u00e9sies, una caracter\u00edstica arquitect\u00f2nica del segle XVII. El diputat de Cultura, Alejandro Clausell, ha destacat que l&#8217;objectiu del cicle \u00e9s revaloritzar aquestes c\u00fapules que representen la volta celeste i alberguen pintures religioses.<\/p>\n\n\n\n<p>L\u2019Estan\u00e7a Harm\u00f2nica, fundada en 2007, \u00e9s una formaci\u00f3 destacada per la seva interpretaci\u00f3 aut\u00e8ntica de la m\u00fasica dels segles XVII i XVIII. Els seus concerts es caracteritzen per l&#8217;\u00fas d&#8217;instruments hist\u00f2rics i t\u00e8cniques interpretatives rigoroses per oferir una experi\u00e8ncia educativa i emocionant.<\/p>\n\n\n\n<p>Cada concert inclour\u00e0 una breu presentaci\u00f3 sobre el programa, els compositors i els instruments, i el p\u00fablic podr\u00e0 veure els instruments de prop i fer preguntes despr\u00e9s de l&#8217;actuaci\u00f3.<\/p>\n\n\n\n<p>La programaci\u00f3 inclou 8 concerts a diferents municipis: Costur (6 de juliol), Ribesalbes (7 de juliol), Castellfort (13 de juliol), Altura (14 de juliol), Mont\u00e1n (27 de juliol), les Coves de Vinrom\u00e0 (28 de juliol), Cat\u00ed (7 de setembre) i Cervera (8 de setembre).<\/p>\n","protected":false},"excerpt":{"rendered":"<p>La iniciativa comen\u00e7a el 6 de juliol a Costur i continua fins al setembre La Diputaci\u00f3 Provincial de Castell\u00f3 posar\u00e0 m\u00fasica a la cer\u00e0mica de la prov\u00edncia amb el nou cicle &#8216;C\u00fapules Blaves&#8217;. Aquesta iniciativa portar\u00e0 m\u00fasica barroca a huit municipis, amb concerts de l\u2019Estan\u00e7a Harm\u00f2nica, comen\u00e7ant el dissabte 6 de juliol a Costur i &#8230; <a title=\"La Diputaci\u00f3 posa m\u00fasica barroca a la cer\u00e0mica de la prov\u00edncia amb el nou cicle \u2018C\u00fapules Blaves\u2019\" class=\"read-more\" href=\"https:\/\/elcafedepipa.com\/index.php\/2024\/07\/05\/la-diputacio-posa-musica-barroca-a-la-ceramica-de-la-provincia-amb-el-nou-cicle-cupules-blaves\/\" aria-label=\"M\u00e9s informaci\u00f3 sobre La Diputaci\u00f3 posa m\u00fasica barroca a la cer\u00e0mica de la prov\u00edncia amb el nou cicle \u2018C\u00fapules Blaves\u2019\">Read more<\/a><\/p>\n","protected":false},"author":2,"featured_media":2690,"comment_status":"closed","ping_status":"closed","sticky":false,"template":"","format":"standard","meta":{"om_disable_all_campaigns":false,"_monsterinsights_skip_tracking":false,"_monsterinsights_sitenote_active":false,"_monsterinsights_sitenote_note":"","_monsterinsights_sitenote_category":0,"_uf_show_specific_survey":0,"_uf_disable_surveys":false,"footnotes":""},"categories":[10],"tags":[],"class_list":["post-2689","post","type-post","status-publish","format-standard","has-post-thumbnail","hentry","category-provinciadecastello"],"_links":{"self":[{"href":"https:\/\/elcafedepipa.com\/index.php\/wp-json\/wp\/v2\/posts\/2689","targetHints":{"allow":["GET"]}}],"collection":[{"href":"https:\/\/elcafedepipa.com\/index.php\/wp-json\/wp\/v2\/posts"}],"about":[{"href":"https:\/\/elcafedepipa.com\/index.php\/wp-json\/wp\/v2\/types\/post"}],"author":[{"embeddable":true,"href":"https:\/\/elcafedepipa.com\/index.php\/wp-json\/wp\/v2\/users\/2"}],"replies":[{"embeddable":true,"href":"https:\/\/elcafedepipa.com\/index.php\/wp-json\/wp\/v2\/comments?post=2689"}],"version-history":[{"count":0,"href":"https:\/\/elcafedepipa.com\/index.php\/wp-json\/wp\/v2\/posts\/2689\/revisions"}],"wp:featuredmedia":[{"embeddable":true,"href":"https:\/\/elcafedepipa.com\/index.php\/wp-json\/wp\/v2\/media\/2690"}],"wp:attachment":[{"href":"https:\/\/elcafedepipa.com\/index.php\/wp-json\/wp\/v2\/media?parent=2689"}],"wp:term":[{"taxonomy":"category","embeddable":true,"href":"https:\/\/elcafedepipa.com\/index.php\/wp-json\/wp\/v2\/categories?post=2689"},{"taxonomy":"post_tag","embeddable":true,"href":"https:\/\/elcafedepipa.com\/index.php\/wp-json\/wp\/v2\/tags?post=2689"}],"curies":[{"name":"wp","href":"https:\/\/api.w.org\/{rel}","templated":true}]}}