{"id":2686,"date":"2024-07-05T09:46:53","date_gmt":"2024-07-05T07:46:53","guid":{"rendered":"https:\/\/elcafedepipa.com\/?p=2686"},"modified":"2024-07-05T09:46:54","modified_gmt":"2024-07-05T07:46:54","slug":"nules-hissa-la-seua-bandera-reivindicativa-a-la-platja-de-les-marines","status":"publish","type":"post","link":"https:\/\/elcafedepipa.com\/index.php\/2024\/07\/05\/nules-hissa-la-seua-bandera-reivindicativa-a-la-platja-de-les-marines\/","title":{"rendered":"Nules hissa la seua bandera reivindicativa a la platja de Les Marines"},"content":{"rendered":"\n<p style=\"font-size:24px\"><strong>Tamb\u00e9 onegen les banderes Qualitur a les platges de les Marines, Bovalar i l\u2019Alc\u00fadia<\/strong><\/p>\n\n\n\n<p>&#8220;Sense bandera blava, per\u00f2 amb dignitat: Nules m\u00e9s fort que un mur&#8221; \u00e9s el lema de la bandera que ja oneja a la platja de les Marines. Aquest dijous, l&#8217;alcalde David Garc\u00eda, la regidora de Platges M. Jos\u00e9 Esteban, i altres membres del govern municipal van assistir a la hissada. Aquesta bandera tamb\u00e9 onejar\u00e0 a les platges de Bovalar i de l\u2019Alc\u00fadia com a protesta contra la postura de Costes, que ha impedit que Nules obtingui la Bandera Blava aquest any.<\/p>\n\n\n\n<p>Aquest distintiu, atorgat per la Fundaci\u00f3 per l\u2019Educaci\u00f3 Ambiental (FEE), reconeix la qualitat de l\u2019aigua i els serveis prestats. La regidora M. Jos\u00e9 Esteban explica que el litigi amb Costes, causat per la construcci\u00f3 d&#8217;un mur per protegir les casetes de primera l\u00ednia, \u00e9s la ra\u00f3 de la no concessi\u00f3 de la Bandera Blava, que la platja de les Marines havia rebut des de 2019.<\/p>\n\n\n\n<p>L&#8217;alcalde David Garc\u00eda ressalta que, tot i no obtenir la Bandera Blava, les platges tindran banderes reivindicatives per protegir el patrimoni mar\u00edtim. Tamb\u00e9 s&#8217;ha hissat la bandera Qualitur a les platges de les Marines, Bovalar i l\u2019Alc\u00fadia, reconeixement de Turisme Comunitat Valenciana per la qualitat i gesti\u00f3 mediambiental. A m\u00e9s, les platges de Nules compten amb les certificacions ISO 9001 i ISO 14001, aix\u00ed com amb la bandera &#8220;Platges sense fum&#8221;, per preservar la salut p\u00fablica i el medi ambient dels efectes del tabac.<\/p>\n","protected":false},"excerpt":{"rendered":"<p>Tamb\u00e9 onegen les banderes Qualitur a les platges de les Marines, Bovalar i l\u2019Alc\u00fadia &#8220;Sense bandera blava, per\u00f2 amb dignitat: Nules m\u00e9s fort que un mur&#8221; \u00e9s el lema de la bandera que ja oneja a la platja de les Marines. Aquest dijous, l&#8217;alcalde David Garc\u00eda, la regidora de Platges M. Jos\u00e9 Esteban, i altres &#8230; <a title=\"Nules hissa la seua bandera reivindicativa a la platja de Les Marines\" class=\"read-more\" href=\"https:\/\/elcafedepipa.com\/index.php\/2024\/07\/05\/nules-hissa-la-seua-bandera-reivindicativa-a-la-platja-de-les-marines\/\" aria-label=\"M\u00e9s informaci\u00f3 sobre Nules hissa la seua bandera reivindicativa a la platja de Les Marines\">Read more<\/a><\/p>\n","protected":false},"author":2,"featured_media":2687,"comment_status":"closed","ping_status":"closed","sticky":false,"template":"","format":"standard","meta":{"om_disable_all_campaigns":false,"_monsterinsights_skip_tracking":false,"_monsterinsights_sitenote_active":false,"_monsterinsights_sitenote_note":"","_monsterinsights_sitenote_category":0,"_uf_show_specific_survey":0,"_uf_disable_surveys":false,"footnotes":""},"categories":[3],"tags":[],"class_list":["post-2686","post","type-post","status-publish","format-standard","has-post-thumbnail","hentry","category-nules"],"_links":{"self":[{"href":"https:\/\/elcafedepipa.com\/index.php\/wp-json\/wp\/v2\/posts\/2686","targetHints":{"allow":["GET"]}}],"collection":[{"href":"https:\/\/elcafedepipa.com\/index.php\/wp-json\/wp\/v2\/posts"}],"about":[{"href":"https:\/\/elcafedepipa.com\/index.php\/wp-json\/wp\/v2\/types\/post"}],"author":[{"embeddable":true,"href":"https:\/\/elcafedepipa.com\/index.php\/wp-json\/wp\/v2\/users\/2"}],"replies":[{"embeddable":true,"href":"https:\/\/elcafedepipa.com\/index.php\/wp-json\/wp\/v2\/comments?post=2686"}],"version-history":[{"count":0,"href":"https:\/\/elcafedepipa.com\/index.php\/wp-json\/wp\/v2\/posts\/2686\/revisions"}],"wp:featuredmedia":[{"embeddable":true,"href":"https:\/\/elcafedepipa.com\/index.php\/wp-json\/wp\/v2\/media\/2687"}],"wp:attachment":[{"href":"https:\/\/elcafedepipa.com\/index.php\/wp-json\/wp\/v2\/media?parent=2686"}],"wp:term":[{"taxonomy":"category","embeddable":true,"href":"https:\/\/elcafedepipa.com\/index.php\/wp-json\/wp\/v2\/categories?post=2686"},{"taxonomy":"post_tag","embeddable":true,"href":"https:\/\/elcafedepipa.com\/index.php\/wp-json\/wp\/v2\/tags?post=2686"}],"curies":[{"name":"wp","href":"https:\/\/api.w.org\/{rel}","templated":true}]}}