{"id":26767,"date":"2026-07-17T12:52:13","date_gmt":"2026-07-17T10:52:13","guid":{"rendered":"https:\/\/elcafedepipa.com\/?p=26767"},"modified":"2026-07-17T12:52:25","modified_gmt":"2026-07-17T10:52:25","slug":"la-diputacio-de-castello-rep-als-12-xiquets-i-xiquetes-sahrauis-que-participen-este-estiu-en-el-programa-vacacions-en-pau-2026","status":"publish","type":"post","link":"https:\/\/elcafedepipa.com\/index.php\/2026\/07\/17\/la-diputacio-de-castello-rep-als-12-xiquets-i-xiquetes-sahrauis-que-participen-este-estiu-en-el-programa-vacacions-en-pau-2026\/","title":{"rendered":"La Diputaci\u00f3 de Castell\u00f3 rep als 12 xiquets i xiquetes sahrau\u00eds que participen este estiu en el programa \u2018Vacacions en Pau\u2019 2026"},"content":{"rendered":"\n<p class=\"wp-block-paragraph\">La diputada de Benestar Social, Marisa Torl\u00e0, ha donat la benvinguda a la prov\u00edncia de Castell\u00f3 als menors d&#8217;entre 11 i 12 anys arribats des del campament de refugiats de Tinduf (Alg\u00e8ria) en una trobada amb les seues fam\u00edlies d&#8217;acolliment, i han mostrat el comprom\u00eds del Govern Provincial amb este programa que organitza l&#8217;Associaci\u00f3 Ajuda al poble sahrau\u00ed Smara i que compta amb el suport de la Diputaci\u00f3 de Castell\u00f3.<\/p>\n\n\n\n<p class=\"wp-block-paragraph\">Aix\u00ed, durant la trobada, celebrat en el Palau Provincial, la diputada de Benestar Social ha agra\u00eft la solidaritat i generositat de les fam\u00edlies d&#8217;acolliment que enguany obrin les seues llars a la prov\u00edncia de Castell\u00f3, assegurant que \u201cs\u00f3n la part m\u00e9s important d&#8217;este projecte que, cada estiu, permet als xiquets i xiquetes sahrau\u00eds passar unes vacacions en pau\u201d.<\/p>\n\n\n\n<p class=\"wp-block-paragraph\">\u201cNo hi ha gest m\u00e9s solidari que obrir les portes de les seues cases per a oferir carinyo i noves oportunitats a estos xiquets i xiquetes, contribuint al fet que gaudisquen d&#8217;unes vacacions segures i enriquidores lluny de les dif\u00edcils condicions en les quals viuen durant gran part de l&#8217;any\u201d, ha assenyalat Marisa Torl\u00e0.<\/p>\n\n\n\n<p class=\"wp-block-paragraph\">L&#8217;objectiu general del programa que duu a terme l&#8217;associaci\u00f3 Smara \u00e9s millorar les condicions de vida dels menors refugiats sahrau\u00eds durant la seua estada a la prov\u00edncia. I \u00e9s que, a trav\u00e9s de &#8216;Vacacions en Pau&#8217; els permet evitar les extremes temperatures del desert, que poden aconseguir els 50 graus, i les dures condicions de vida en els seus campaments.<\/p>\n\n\n\n<p class=\"wp-block-paragraph\">Com ha incidit la diputada provincial, \u201c\u00e9s un programa molt interessant en el qual els xiquets i xiquetes sahrau\u00eds arriben a la nostra terra per a compartir moments plens d&#8217;esperan\u00e7a i il\u00b7lusi\u00f3 amb altres xiquets i fam\u00edlies, i gaudir d&#8217;unes setmanes de conviv\u00e8ncia, atenci\u00f3 m\u00e8dica i activitats d&#8217;oci en un entorn afectiu\u201d.<\/p>\n","protected":false},"excerpt":{"rendered":"<p>La diputada de Benestar Social, Marisa Torl\u00e0, ha donat la benvinguda a la prov\u00edncia de Castell\u00f3 als menors d&#8217;entre 11 i 12 anys arribats des del campament de refugiats de Tinduf (Alg\u00e8ria) en una trobada amb les seues fam\u00edlies d&#8217;acolliment, i han mostrat el comprom\u00eds del Govern Provincial amb este programa que organitza l&#8217;Associaci\u00f3 Ajuda &#8230; <a title=\"La Diputaci\u00f3 de Castell\u00f3 rep als 12 xiquets i xiquetes sahrau\u00eds que participen este estiu en el programa \u2018Vacacions en Pau\u2019 2026\" class=\"read-more\" href=\"https:\/\/elcafedepipa.com\/index.php\/2026\/07\/17\/la-diputacio-de-castello-rep-als-12-xiquets-i-xiquetes-sahrauis-que-participen-este-estiu-en-el-programa-vacacions-en-pau-2026\/\" aria-label=\"M\u00e9s informaci\u00f3 sobre La Diputaci\u00f3 de Castell\u00f3 rep als 12 xiquets i xiquetes sahrau\u00eds que participen este estiu en el programa \u2018Vacacions en Pau\u2019 2026\">Read more<\/a><\/p>\n","protected":false},"author":2,"featured_media":26768,"comment_status":"closed","ping_status":"closed","sticky":false,"template":"","format":"standard","meta":{"om_disable_all_campaigns":false,"_monsterinsights_skip_tracking":false,"_uf_show_specific_survey":0,"_uf_disable_surveys":false,"slim_seo":{"title":"La Diputaci\u00f3 de Castell\u00f3 rep als 12 xiquets i xiquetes sahrau\u00eds que participen este estiu en el programa \u2018Vacacions en Pau\u2019 2026 - El caf\u00e9 de Pipa","description":"La diputada de Benestar Social, Marisa Torl\u00e0, ha donat la benvinguda a la prov\u00edncia de Castell\u00f3 als menors d'entre 11 i 12 anys arribats des del campament de re"},"footnotes":""},"categories":[1],"tags":[],"ppma_author":[74],"class_list":["post-26767","post","type-post","status-publish","format-standard","has-post-thumbnail","hentry","category-non-classe"],"distributor_meta":false,"distributor_terms":false,"distributor_media":false,"distributor_original_site_name":"El caf\u00e9 de Pipa","distributor_original_site_url":"https:\/\/elcafedepipa.com","push-errors":false,"authors":[{"term_id":74,"user_id":2,"is_guest":0,"slug":"radiolavallduixo","display_name":"Vicent Arnau Forner","avatar_url":"https:\/\/secure.gravatar.com\/avatar\/26a27d13d194fc3b4d2a7a933a63466fa1af911ef6eac8a107691f6aeb82d442?s=96&d=mm&r=g","author_category":"","first_name":"ecdp","last_name":"","user_url":"http:\/\/www.elcafedepipa.com","job_title":"","description":""}],"_links":{"self":[{"href":"https:\/\/elcafedepipa.com\/index.php\/wp-json\/wp\/v2\/posts\/26767","targetHints":{"allow":["GET"]}}],"collection":[{"href":"https:\/\/elcafedepipa.com\/index.php\/wp-json\/wp\/v2\/posts"}],"about":[{"href":"https:\/\/elcafedepipa.com\/index.php\/wp-json\/wp\/v2\/types\/post"}],"author":[{"embeddable":true,"href":"https:\/\/elcafedepipa.com\/index.php\/wp-json\/wp\/v2\/users\/2"}],"replies":[{"embeddable":true,"href":"https:\/\/elcafedepipa.com\/index.php\/wp-json\/wp\/v2\/comments?post=26767"}],"version-history":[{"count":1,"href":"https:\/\/elcafedepipa.com\/index.php\/wp-json\/wp\/v2\/posts\/26767\/revisions"}],"predecessor-version":[{"id":26769,"href":"https:\/\/elcafedepipa.com\/index.php\/wp-json\/wp\/v2\/posts\/26767\/revisions\/26769"}],"wp:featuredmedia":[{"embeddable":true,"href":"https:\/\/elcafedepipa.com\/index.php\/wp-json\/wp\/v2\/media\/26768"}],"wp:attachment":[{"href":"https:\/\/elcafedepipa.com\/index.php\/wp-json\/wp\/v2\/media?parent=26767"}],"wp:term":[{"taxonomy":"category","embeddable":true,"href":"https:\/\/elcafedepipa.com\/index.php\/wp-json\/wp\/v2\/categories?post=26767"},{"taxonomy":"post_tag","embeddable":true,"href":"https:\/\/elcafedepipa.com\/index.php\/wp-json\/wp\/v2\/tags?post=26767"},{"taxonomy":"author","embeddable":true,"href":"https:\/\/elcafedepipa.com\/index.php\/wp-json\/wp\/v2\/ppma_author?post=26767"}],"curies":[{"name":"wp","href":"https:\/\/api.w.org\/{rel}","templated":true}]}}