{"id":26750,"date":"2026-07-16T14:49:52","date_gmt":"2026-07-16T12:49:52","guid":{"rendered":"https:\/\/elcafedepipa.com\/?p=26750"},"modified":"2026-07-16T14:50:08","modified_gmt":"2026-07-16T12:50:08","slug":"almenara-presenta-els-cartells-anunciadors-de-les-festes-patronals-i-dels-festes-destiu-de-la-platja-casablanca","status":"publish","type":"post","link":"https:\/\/elcafedepipa.com\/index.php\/2026\/07\/16\/almenara-presenta-els-cartells-anunciadors-de-les-festes-patronals-i-dels-festes-destiu-de-la-platja-casablanca\/","title":{"rendered":"Almenara presenta els cartells anunciadors de les Festes Patronals i dels Festes d&#8217;Estiu de la Platja Casablanca"},"content":{"rendered":"\n<p class=\"wp-block-paragraph\"><strong>Pablo Llorens Toribio i Sheila Hurtado Campos, tots dos ve\u00efns d&#8217;Almenara, guanyen els concursos convocats per l&#8217;ajuntament<\/strong><\/p>\n\n\n\n<p class=\"wp-block-paragraph\">L&#8217;Ajuntament d&#8217;Almenara ja ha donat a con\u00e9ixer els cartells guanyadors dels concursos convocats per a anunciar les pr\u00f2ximes Festes Patronals i de les Festes d&#8217;Estiu de la Platja Casablanca, despr\u00e9s de la deliberaci\u00f3 del jurat encarregat de valorar les obres presentades. Pablo Llorens Toribio i Sheila Hurtado Campos, ve\u00ed i ve\u00efna d&#8217;Almenara, s\u00f3n el guanyador i guanyadora d&#8217;enguany.<\/p>\n\n\n\n<p class=\"wp-block-paragraph\">El cartell anunciador de les Festes Patronals ha sigut realitzat per Pablo Llorens Toribio, la proposta del quals incorpora el lema \u00abTradici\u00f3 que resona, festa que viu\u00bb, un missatge que acompanya a la imatge i que posa en valor la tradici\u00f3 festiva i el sentiment de pertinen\u00e7a que caracteritzen aquestes celebracions.<\/p>\n\n\n\n<p class=\"wp-block-paragraph\">Quant als Festes d&#8217;Estiu de la Platja Casablanca, el jurat ha triat com a guanyadora l&#8217;obra presentada per Sheila Hurtado Campos, que ser\u00e0 la imatge oficial de les festes que cada estiu se celebren a la platja d&#8217;Almenara.<\/p>\n\n\n\n<p class=\"wp-block-paragraph\">Els dos concursos estan dotats amb un premi de 400 euros per a l&#8217;obra guanyadora, d&#8217;acord amb les bases de la convocat\u00f2ria.<\/p>\n\n\n\n<p class=\"wp-block-paragraph\">A m\u00e9s, totes les obres presentades podran contemplar-se en una exposici\u00f3 durant les Festes Patronals, una iniciativa que permetr\u00e0 mostrar el talent i la creativitat de les persones participants, aix\u00ed com acostar al p\u00fablic les diferents propostes presentades per a anunciar les festes del municipi.<\/p>\n\n\n\n<p class=\"wp-block-paragraph\">Amb aquests concursos, l&#8217;Ajuntament d&#8217;Almenara continua apostant per la participaci\u00f3 i la promoci\u00f3 de la creativitat, implicant artistes i dissenyadors, en aquest cas locals.<\/p>\n","protected":false},"excerpt":{"rendered":"<p>Pablo Llorens Toribio i Sheila Hurtado Campos, tots dos ve\u00efns d&#8217;Almenara, guanyen els concursos convocats per l&#8217;ajuntament L&#8217;Ajuntament d&#8217;Almenara ja ha donat a con\u00e9ixer els cartells guanyadors dels concursos convocats per a anunciar les pr\u00f2ximes Festes Patronals i de les Festes d&#8217;Estiu de la Platja Casablanca, despr\u00e9s de la deliberaci\u00f3 del jurat encarregat de valorar &#8230; <a title=\"Almenara presenta els cartells anunciadors de les Festes Patronals i dels Festes d&#8217;Estiu de la Platja Casablanca\" class=\"read-more\" href=\"https:\/\/elcafedepipa.com\/index.php\/2026\/07\/16\/almenara-presenta-els-cartells-anunciadors-de-les-festes-patronals-i-dels-festes-destiu-de-la-platja-casablanca\/\" aria-label=\"M\u00e9s informaci\u00f3 sobre Almenara presenta els cartells anunciadors de les Festes Patronals i dels Festes d&#8217;Estiu de la Platja Casablanca\">Read more<\/a><\/p>\n","protected":false},"author":2,"featured_media":26751,"comment_status":"closed","ping_status":"closed","sticky":false,"template":"","format":"standard","meta":{"om_disable_all_campaigns":false,"_monsterinsights_skip_tracking":false,"_uf_show_specific_survey":0,"_uf_disable_surveys":false,"slim_seo":{"title":"Almenara presenta els cartells anunciadors de les Festes Patronals i dels Festes d'Estiu de la Platja Casablanca - El caf\u00e9 de Pipa","description":"Pablo Llorens Toribio i Sheila Hurtado Campos, tots dos ve\u00efns d'Almenara, guanyen els concursos convocats per l'ajuntament L'Ajuntament d'Almenara ja ha donat a"},"footnotes":""},"categories":[5],"tags":[],"ppma_author":[74],"class_list":["post-26750","post","type-post","status-publish","format-standard","has-post-thumbnail","hentry","category-almenara"],"distributor_meta":false,"distributor_terms":false,"distributor_media":false,"distributor_original_site_name":"El caf\u00e9 de Pipa","distributor_original_site_url":"https:\/\/elcafedepipa.com","push-errors":false,"authors":[{"term_id":74,"user_id":2,"is_guest":0,"slug":"radiolavallduixo","display_name":"Vicent Arnau Forner","avatar_url":"https:\/\/secure.gravatar.com\/avatar\/26a27d13d194fc3b4d2a7a933a63466fa1af911ef6eac8a107691f6aeb82d442?s=96&d=mm&r=g","author_category":"","first_name":"ecdp","last_name":"","user_url":"http:\/\/www.elcafedepipa.com","job_title":"","description":""}],"_links":{"self":[{"href":"https:\/\/elcafedepipa.com\/index.php\/wp-json\/wp\/v2\/posts\/26750","targetHints":{"allow":["GET"]}}],"collection":[{"href":"https:\/\/elcafedepipa.com\/index.php\/wp-json\/wp\/v2\/posts"}],"about":[{"href":"https:\/\/elcafedepipa.com\/index.php\/wp-json\/wp\/v2\/types\/post"}],"author":[{"embeddable":true,"href":"https:\/\/elcafedepipa.com\/index.php\/wp-json\/wp\/v2\/users\/2"}],"replies":[{"embeddable":true,"href":"https:\/\/elcafedepipa.com\/index.php\/wp-json\/wp\/v2\/comments?post=26750"}],"version-history":[{"count":1,"href":"https:\/\/elcafedepipa.com\/index.php\/wp-json\/wp\/v2\/posts\/26750\/revisions"}],"predecessor-version":[{"id":26752,"href":"https:\/\/elcafedepipa.com\/index.php\/wp-json\/wp\/v2\/posts\/26750\/revisions\/26752"}],"wp:featuredmedia":[{"embeddable":true,"href":"https:\/\/elcafedepipa.com\/index.php\/wp-json\/wp\/v2\/media\/26751"}],"wp:attachment":[{"href":"https:\/\/elcafedepipa.com\/index.php\/wp-json\/wp\/v2\/media?parent=26750"}],"wp:term":[{"taxonomy":"category","embeddable":true,"href":"https:\/\/elcafedepipa.com\/index.php\/wp-json\/wp\/v2\/categories?post=26750"},{"taxonomy":"post_tag","embeddable":true,"href":"https:\/\/elcafedepipa.com\/index.php\/wp-json\/wp\/v2\/tags?post=26750"},{"taxonomy":"author","embeddable":true,"href":"https:\/\/elcafedepipa.com\/index.php\/wp-json\/wp\/v2\/ppma_author?post=26750"}],"curies":[{"name":"wp","href":"https:\/\/api.w.org\/{rel}","templated":true}]}}