{"id":26746,"date":"2026-07-16T14:47:02","date_gmt":"2026-07-16T12:47:02","guid":{"rendered":"https:\/\/elcafedepipa.com\/?p=26746"},"modified":"2026-07-16T14:47:13","modified_gmt":"2026-07-16T12:47:13","slug":"nules-recupera-una-varietat-de-la-tomata-de-la-marjal","status":"publish","type":"post","link":"https:\/\/elcafedepipa.com\/index.php\/2026\/07\/16\/nules-recupera-una-varietat-de-la-tomata-de-la-marjal\/","title":{"rendered":"NULES RECUPERA UNA VARIETAT DE \u00a0LA TOMATA DE LA MARJAL"},"content":{"rendered":"\n<p class=\"wp-block-paragraph\"><strong>Ha estat rescatada a partir de sis llavors donades per un llaurador<\/strong><\/p>\n\n\n\n<p class=\"wp-block-paragraph\">L&#8217;Associaci\u00f3 Independent d&#8217;Agricultors de Nules (AIAN) ha presentat a l\u2019alcalde de Nules, David Garc\u00eda, una varietat hist\u00f2rica de tomata de la Marjal de Nules, rescatada gr\u00e0cies a nom\u00e9s sis llavors que un llaurador d\u2019avan\u00e7ada edat va lliurar a l&#8217;entitat.<\/p>\n\n\n\n<p class=\"wp-block-paragraph\">Mitjan\u00e7ant el treball desenvolupat pel Banc Comunitari de Llavors Tradicionals d&#8217;AIAN, aquesta varietat, que es cultivava fa d\u00e8cades als camps de la Marjal de Nules, ha pogut ser recuperada i torna a formar part del patrimoni agr\u00edcola i varietal del municipi.<\/p>\n\n\n\n<p class=\"wp-block-paragraph\">Aquest projecte de conservaci\u00f3 i recuperaci\u00f3 del patrimoni agr\u00edcola inclou tamb\u00e9 altres varietats tradicionals de la prov\u00edncia de Castell\u00f3, amb l&#8217;objectiu de preservar la biodiversitat cultivada i evitar la desaparici\u00f3 de cultius de gran valor hist\u00f2ric, agr\u00edcola i cultural.<\/p>\n\n\n\n<p class=\"wp-block-paragraph\">Entre aquestes varietats destaca tamb\u00e9 el carbass\u00f3 de Nules, que recentment ha estat reconegut al concurs culinari de la Fira de Villamalur, posant en valor la qualitat i singularitat dels productes tradicionals del nostre territori.<\/p>\n\n\n\n<p class=\"wp-block-paragraph\">Des d&#8217;AIAN s\u2019ha assenyalat que aquesta iniciativa demostra que la mem\u00f2ria i els coneixements dels llauradors de m\u00e9s experi\u00e8ncia s\u00f3n una ferramenta fonamental per construir el futur de l&#8217;agricultura. La recuperaci\u00f3 de llavors tradicionals no sols preserva la nostra hist\u00f2ria, sin\u00f3 que tamb\u00e9 obri noves oportunitats per a una agricultura m\u00e9s sostenible, arrelada al territori i adaptada als reptes del futur.<\/p>\n\n\n\n<figure class=\"wp-block-image size-large\"><img fetchpriority=\"high\" decoding=\"async\" width=\"1024\" height=\"768\" src=\"https:\/\/elcafedepipa.com\/wp-content\/uploads\/2026\/07\/IMG-20260705-WA0008-1024x768.jpg\" alt=\"\" class=\"wp-image-26748\" srcset=\"https:\/\/elcafedepipa.com\/wp-content\/uploads\/2026\/07\/IMG-20260705-WA0008-1024x768.jpg 1024w, https:\/\/elcafedepipa.com\/wp-content\/uploads\/2026\/07\/IMG-20260705-WA0008-300x225.jpg 300w, https:\/\/elcafedepipa.com\/wp-content\/uploads\/2026\/07\/IMG-20260705-WA0008-768x576.jpg 768w, https:\/\/elcafedepipa.com\/wp-content\/uploads\/2026\/07\/IMG-20260705-WA0008-1536x1152.jpg 1536w, https:\/\/elcafedepipa.com\/wp-content\/uploads\/2026\/07\/IMG-20260705-WA0008.jpg 2048w\" sizes=\"(max-width: 1024px) 100vw, 1024px\" \/><\/figure>\n","protected":false},"excerpt":{"rendered":"<p>Ha estat rescatada a partir de sis llavors donades per un llaurador L&#8217;Associaci\u00f3 Independent d&#8217;Agricultors de Nules (AIAN) ha presentat a l\u2019alcalde de Nules, David Garc\u00eda, una varietat hist\u00f2rica de tomata de la Marjal de Nules, rescatada gr\u00e0cies a nom\u00e9s sis llavors que un llaurador d\u2019avan\u00e7ada edat va lliurar a l&#8217;entitat. Mitjan\u00e7ant el treball desenvolupat &#8230; <a title=\"NULES RECUPERA UNA VARIETAT DE \u00a0LA TOMATA DE LA MARJAL\" class=\"read-more\" href=\"https:\/\/elcafedepipa.com\/index.php\/2026\/07\/16\/nules-recupera-una-varietat-de-la-tomata-de-la-marjal\/\" aria-label=\"M\u00e9s informaci\u00f3 sobre NULES RECUPERA UNA VARIETAT DE \u00a0LA TOMATA DE LA MARJAL\">Read more<\/a><\/p>\n","protected":false},"author":2,"featured_media":26747,"comment_status":"closed","ping_status":"closed","sticky":false,"template":"","format":"standard","meta":{"om_disable_all_campaigns":false,"_monsterinsights_skip_tracking":false,"_uf_show_specific_survey":0,"_uf_disable_surveys":false,"slim_seo":{"title":"NULES RECUPERA UNA VARIETAT DE \u00a0LA TOMATA DE LA MARJAL - El caf\u00e9 de Pipa","description":"Ha estat rescatada a partir de sis llavors donades per un llaurador L'Associaci\u00f3 Independent d'Agricultors de Nules (AIAN) ha presentat a l\u2019alcalde de Nules, Da"},"footnotes":""},"categories":[3],"tags":[],"ppma_author":[74],"class_list":["post-26746","post","type-post","status-publish","format-standard","has-post-thumbnail","hentry","category-nules"],"distributor_meta":false,"distributor_terms":false,"distributor_media":false,"distributor_original_site_name":"El caf\u00e9 de Pipa","distributor_original_site_url":"https:\/\/elcafedepipa.com","push-errors":false,"authors":[{"term_id":74,"user_id":2,"is_guest":0,"slug":"radiolavallduixo","display_name":"Vicent Arnau Forner","avatar_url":"https:\/\/secure.gravatar.com\/avatar\/26a27d13d194fc3b4d2a7a933a63466fa1af911ef6eac8a107691f6aeb82d442?s=96&d=mm&r=g","author_category":"","first_name":"ecdp","last_name":"","user_url":"http:\/\/www.elcafedepipa.com","job_title":"","description":""}],"_links":{"self":[{"href":"https:\/\/elcafedepipa.com\/index.php\/wp-json\/wp\/v2\/posts\/26746","targetHints":{"allow":["GET"]}}],"collection":[{"href":"https:\/\/elcafedepipa.com\/index.php\/wp-json\/wp\/v2\/posts"}],"about":[{"href":"https:\/\/elcafedepipa.com\/index.php\/wp-json\/wp\/v2\/types\/post"}],"author":[{"embeddable":true,"href":"https:\/\/elcafedepipa.com\/index.php\/wp-json\/wp\/v2\/users\/2"}],"replies":[{"embeddable":true,"href":"https:\/\/elcafedepipa.com\/index.php\/wp-json\/wp\/v2\/comments?post=26746"}],"version-history":[{"count":1,"href":"https:\/\/elcafedepipa.com\/index.php\/wp-json\/wp\/v2\/posts\/26746\/revisions"}],"predecessor-version":[{"id":26749,"href":"https:\/\/elcafedepipa.com\/index.php\/wp-json\/wp\/v2\/posts\/26746\/revisions\/26749"}],"wp:featuredmedia":[{"embeddable":true,"href":"https:\/\/elcafedepipa.com\/index.php\/wp-json\/wp\/v2\/media\/26747"}],"wp:attachment":[{"href":"https:\/\/elcafedepipa.com\/index.php\/wp-json\/wp\/v2\/media?parent=26746"}],"wp:term":[{"taxonomy":"category","embeddable":true,"href":"https:\/\/elcafedepipa.com\/index.php\/wp-json\/wp\/v2\/categories?post=26746"},{"taxonomy":"post_tag","embeddable":true,"href":"https:\/\/elcafedepipa.com\/index.php\/wp-json\/wp\/v2\/tags?post=26746"},{"taxonomy":"author","embeddable":true,"href":"https:\/\/elcafedepipa.com\/index.php\/wp-json\/wp\/v2\/ppma_author?post=26746"}],"curies":[{"name":"wp","href":"https:\/\/api.w.org\/{rel}","templated":true}]}}