{"id":26742,"date":"2026-07-16T14:45:02","date_gmt":"2026-07-16T12:45:02","guid":{"rendered":"https:\/\/elcafedepipa.com\/?p=26742"},"modified":"2026-07-16T14:45:12","modified_gmt":"2026-07-16T12:45:12","slug":"els-nens-i-nenes-de-la-vall-duixo-gaudeixen-de-les-festes-de-laigua-al-paratge-de-sant-josep","status":"publish","type":"post","link":"https:\/\/elcafedepipa.com\/index.php\/2026\/07\/16\/els-nens-i-nenes-de-la-vall-duixo-gaudeixen-de-les-festes-de-laigua-al-paratge-de-sant-josep\/","title":{"rendered":"Els nens i nenes de la Vall d&#8217;Uix\u00f3 gaudeixen de les festes de l&#8217;aigua al Paratge de Sant Josep"},"content":{"rendered":"\n<p class=\"wp-block-paragraph\"><strong>L\u00b4Ajuntament de la Vall d\u00b4Uix\u00f3 celebra per cinqu\u00e8 any consecutiu la Festa de l\u00b4Aigua, que compta amb el patrocini de Facsa.<\/strong><\/p>\n\n\n\n<p class=\"wp-block-paragraph\">Cada dijous i diumenge al mat\u00ed s&#8217;instal\u00b7la a la pista de ball de Sant Josep aquest espai perqu\u00e8 els m\u00e9s petits gaudeixin d&#8217;activitats aqu\u00e0tiques, especialment aquests dies tan calorosos\u201d, ha explicat el conseller delegat d&#8217;Emsevall i regidor de Turisme, Javier Ferreres.<br>La Festa de l&#8217;Aigua es realitza des de principis de juliol i encara queden sessions els dies 18, 23, 25 i 30 de juliol i 2 d&#8217;agost de 10.30 a 13.30 hores. Els nens i nenes de 3 a 14 anys disposen de inflables aqu\u00e0tics, ruixadors i lliscadores, adaptats a diverses edats.<br>A m\u00e9s, el quiosc-cafeteria Ca Cova ofereix a la mateixa zona un servei de begudes i gelats.<br>Ferreres ha destacat que activitats gratu\u00eftes com aquesta suposen \u201cuna aposta per oferir alternatives al p\u00fablic familiar\u201d.<\/p>\n\n\n\n<p class=\"wp-block-paragraph\">Per la seva banda, el regidor de Serveis Urbans, Fernando Dar\u00f2s, ha remarcat que la Festa de l&#8217;Aigua \u201cposa a disposici\u00f3 de la ciutadania un recinte on refrescar-se i passar un mat\u00ed agradable i divertit durant els mesos d&#8217;estiu en qu\u00e8 patim les altes temperatures\u201d. A m\u00e9s, avui Facsa ha repartit tovalloles entre els assistents.<\/p>\n\n\n\n<figure class=\"wp-block-image size-large\"><img fetchpriority=\"high\" decoding=\"async\" width=\"768\" height=\"1024\" src=\"https:\/\/elcafedepipa.com\/wp-content\/uploads\/2026\/07\/festa-aigua-768x1024.jpeg\" alt=\"\" class=\"wp-image-26744\" srcset=\"https:\/\/elcafedepipa.com\/wp-content\/uploads\/2026\/07\/festa-aigua-768x1024.jpeg 768w, https:\/\/elcafedepipa.com\/wp-content\/uploads\/2026\/07\/festa-aigua-225x300.jpeg 225w, https:\/\/elcafedepipa.com\/wp-content\/uploads\/2026\/07\/festa-aigua-1152x1536.jpeg 1152w, https:\/\/elcafedepipa.com\/wp-content\/uploads\/2026\/07\/festa-aigua.jpeg 1536w\" sizes=\"(max-width: 768px) 100vw, 768px\" \/><\/figure>\n","protected":false},"excerpt":{"rendered":"<p>L\u00b4Ajuntament de la Vall d\u00b4Uix\u00f3 celebra per cinqu\u00e8 any consecutiu la Festa de l\u00b4Aigua, que compta amb el patrocini de Facsa. Cada dijous i diumenge al mat\u00ed s&#8217;instal\u00b7la a la pista de ball de Sant Josep aquest espai perqu\u00e8 els m\u00e9s petits gaudeixin d&#8217;activitats aqu\u00e0tiques, especialment aquests dies tan calorosos\u201d, ha explicat el conseller delegat &#8230; <a title=\"Els nens i nenes de la Vall d&#8217;Uix\u00f3 gaudeixen de les festes de l&#8217;aigua al Paratge de Sant Josep\" class=\"read-more\" href=\"https:\/\/elcafedepipa.com\/index.php\/2026\/07\/16\/els-nens-i-nenes-de-la-vall-duixo-gaudeixen-de-les-festes-de-laigua-al-paratge-de-sant-josep\/\" aria-label=\"M\u00e9s informaci\u00f3 sobre Els nens i nenes de la Vall d&#8217;Uix\u00f3 gaudeixen de les festes de l&#8217;aigua al Paratge de Sant Josep\">Read more<\/a><\/p>\n","protected":false},"author":2,"featured_media":26743,"comment_status":"closed","ping_status":"closed","sticky":false,"template":"","format":"standard","meta":{"om_disable_all_campaigns":false,"_monsterinsights_skip_tracking":false,"_uf_show_specific_survey":0,"_uf_disable_surveys":false,"slim_seo":{"title":"Els nens i nenes de la Vall d'Uix\u00f3 gaudeixen de les festes de l'aigua al Paratge de Sant Josep - El caf\u00e9 de Pipa","description":"L\u00b4Ajuntament de la Vall d\u00b4Uix\u00f3 celebra per cinqu\u00e8 any consecutiu la Festa de l\u00b4Aigua, que compta amb el patrocini de Facsa. Cada dijous i diumenge al mat\u00ed s'ins"},"footnotes":""},"categories":[1],"tags":[],"ppma_author":[74],"class_list":["post-26742","post","type-post","status-publish","format-standard","has-post-thumbnail","hentry","category-non-classe"],"distributor_meta":false,"distributor_terms":false,"distributor_media":false,"distributor_original_site_name":"El caf\u00e9 de Pipa","distributor_original_site_url":"https:\/\/elcafedepipa.com","push-errors":false,"authors":[{"term_id":74,"user_id":2,"is_guest":0,"slug":"radiolavallduixo","display_name":"Vicent Arnau Forner","avatar_url":"https:\/\/secure.gravatar.com\/avatar\/26a27d13d194fc3b4d2a7a933a63466fa1af911ef6eac8a107691f6aeb82d442?s=96&d=mm&r=g","author_category":"","first_name":"ecdp","last_name":"","user_url":"http:\/\/www.elcafedepipa.com","job_title":"","description":""}],"_links":{"self":[{"href":"https:\/\/elcafedepipa.com\/index.php\/wp-json\/wp\/v2\/posts\/26742","targetHints":{"allow":["GET"]}}],"collection":[{"href":"https:\/\/elcafedepipa.com\/index.php\/wp-json\/wp\/v2\/posts"}],"about":[{"href":"https:\/\/elcafedepipa.com\/index.php\/wp-json\/wp\/v2\/types\/post"}],"author":[{"embeddable":true,"href":"https:\/\/elcafedepipa.com\/index.php\/wp-json\/wp\/v2\/users\/2"}],"replies":[{"embeddable":true,"href":"https:\/\/elcafedepipa.com\/index.php\/wp-json\/wp\/v2\/comments?post=26742"}],"version-history":[{"count":1,"href":"https:\/\/elcafedepipa.com\/index.php\/wp-json\/wp\/v2\/posts\/26742\/revisions"}],"predecessor-version":[{"id":26745,"href":"https:\/\/elcafedepipa.com\/index.php\/wp-json\/wp\/v2\/posts\/26742\/revisions\/26745"}],"wp:featuredmedia":[{"embeddable":true,"href":"https:\/\/elcafedepipa.com\/index.php\/wp-json\/wp\/v2\/media\/26743"}],"wp:attachment":[{"href":"https:\/\/elcafedepipa.com\/index.php\/wp-json\/wp\/v2\/media?parent=26742"}],"wp:term":[{"taxonomy":"category","embeddable":true,"href":"https:\/\/elcafedepipa.com\/index.php\/wp-json\/wp\/v2\/categories?post=26742"},{"taxonomy":"post_tag","embeddable":true,"href":"https:\/\/elcafedepipa.com\/index.php\/wp-json\/wp\/v2\/tags?post=26742"},{"taxonomy":"author","embeddable":true,"href":"https:\/\/elcafedepipa.com\/index.php\/wp-json\/wp\/v2\/ppma_author?post=26742"}],"curies":[{"name":"wp","href":"https:\/\/api.w.org\/{rel}","templated":true}]}}