{"id":2667,"date":"2024-07-04T13:34:56","date_gmt":"2024-07-04T11:34:56","guid":{"rendered":"https:\/\/elcafedepipa.com\/?p=2667"},"modified":"2024-07-04T13:34:58","modified_gmt":"2024-07-04T11:34:58","slug":"podcast-racons-del-nostre-poble-familia-segarra","status":"publish","type":"post","link":"https:\/\/elcafedepipa.com\/index.php\/2024\/07\/04\/podcast-racons-del-nostre-poble-familia-segarra\/","title":{"rendered":"Podcast | Racons del nostre poble (Familia Segarra)"},"content":{"rendered":"\n<p><strong>\u00c0UDIO | <\/strong>Aquesta setmana comen\u00e7a un nou cicle de les &#8216;Nits d&#8217;hist\u00f2ries i historietes&#8217; a la Vall d&#8217;Uix\u00f3, amb huit rutes programades. La primera tindr\u00e0 lloc aquest dissabte 6 de juliol, i versar\u00e0 sobre la hist\u00f2ria de la fam\u00edlia Segarra, la f\u00e0brica i la Col\u00f2nia Segarra. Com sempre, coneixem alguns detalls i curiositats amb Jos\u00e9 Enrique Puchol, t\u00e8cnic de Turisme i guia d&#8217;aquestes rutes.<\/p>\n\n\n\n<figure class=\"wp-block-audio\"><audio controls src=\"https:\/\/elcafedepipa.com\/wp-content\/uploads\/2024\/07\/racons4juliol.mp3\"><\/audio><\/figure>\n","protected":false},"excerpt":{"rendered":"<p>\u00c0UDIO | Aquesta setmana comen\u00e7a un nou cicle de les &#8216;Nits d&#8217;hist\u00f2ries i historietes&#8217; a la Vall d&#8217;Uix\u00f3, amb huit rutes programades. La primera tindr\u00e0 lloc aquest dissabte 6 de juliol, i versar\u00e0 sobre la hist\u00f2ria de la fam\u00edlia Segarra, la f\u00e0brica i la Col\u00f2nia Segarra. Com sempre, coneixem alguns detalls i curiositats amb Jos\u00e9 &#8230; <a title=\"Podcast | Racons del nostre poble (Familia Segarra)\" class=\"read-more\" href=\"https:\/\/elcafedepipa.com\/index.php\/2024\/07\/04\/podcast-racons-del-nostre-poble-familia-segarra\/\" aria-label=\"M\u00e9s informaci\u00f3 sobre Podcast | Racons del nostre poble (Familia Segarra)\">Read more<\/a><\/p>\n","protected":false},"author":2,"featured_media":2668,"comment_status":"closed","ping_status":"closed","sticky":false,"template":"","format":"standard","meta":{"om_disable_all_campaigns":false,"_monsterinsights_skip_tracking":false,"_monsterinsights_sitenote_active":false,"_monsterinsights_sitenote_note":"","_monsterinsights_sitenote_category":0,"_uf_show_specific_survey":0,"_uf_disable_surveys":false,"footnotes":""},"categories":[2],"tags":[],"class_list":["post-2667","post","type-post","status-publish","format-standard","has-post-thumbnail","hentry","category-lavallduixo"],"_links":{"self":[{"href":"https:\/\/elcafedepipa.com\/index.php\/wp-json\/wp\/v2\/posts\/2667","targetHints":{"allow":["GET"]}}],"collection":[{"href":"https:\/\/elcafedepipa.com\/index.php\/wp-json\/wp\/v2\/posts"}],"about":[{"href":"https:\/\/elcafedepipa.com\/index.php\/wp-json\/wp\/v2\/types\/post"}],"author":[{"embeddable":true,"href":"https:\/\/elcafedepipa.com\/index.php\/wp-json\/wp\/v2\/users\/2"}],"replies":[{"embeddable":true,"href":"https:\/\/elcafedepipa.com\/index.php\/wp-json\/wp\/v2\/comments?post=2667"}],"version-history":[{"count":0,"href":"https:\/\/elcafedepipa.com\/index.php\/wp-json\/wp\/v2\/posts\/2667\/revisions"}],"wp:featuredmedia":[{"embeddable":true,"href":"https:\/\/elcafedepipa.com\/index.php\/wp-json\/wp\/v2\/media\/2668"}],"wp:attachment":[{"href":"https:\/\/elcafedepipa.com\/index.php\/wp-json\/wp\/v2\/media?parent=2667"}],"wp:term":[{"taxonomy":"category","embeddable":true,"href":"https:\/\/elcafedepipa.com\/index.php\/wp-json\/wp\/v2\/categories?post=2667"},{"taxonomy":"post_tag","embeddable":true,"href":"https:\/\/elcafedepipa.com\/index.php\/wp-json\/wp\/v2\/tags?post=2667"}],"curies":[{"name":"wp","href":"https:\/\/api.w.org\/{rel}","templated":true}]}}