{"id":26652,"date":"2026-07-14T13:25:14","date_gmt":"2026-07-14T11:25:14","guid":{"rendered":"https:\/\/elcafedepipa.com\/?p=26652"},"modified":"2026-07-14T13:25:24","modified_gmt":"2026-07-14T11:25:24","slug":"lajuntament-de-la-vall-duixo-presenta-el-concert-a-tres-bandes-daquest-dissabte-18-de-juliol","status":"publish","type":"post","link":"https:\/\/elcafedepipa.com\/index.php\/2026\/07\/14\/lajuntament-de-la-vall-duixo-presenta-el-concert-a-tres-bandes-daquest-dissabte-18-de-juliol\/","title":{"rendered":"L&#8217;Ajuntament de la Vall d&#8217;Uix\u00f3 presenta el Concert A Tres Bandes d&#8217;aquest dissabte 18 de juliol"},"content":{"rendered":"\n<p class=\"wp-block-paragraph\"><strong>El regidor de cultura Jorge Marqu\u00e9s ha presentat la sisena edici\u00f3 del concert de la m\u00e0 del Centre Instructiu d\u2019Art i Cultura, la Schola Cantorum i la Uni\u00f3 Musical Vallduxense<\/strong><\/p>\n\n\n\n<p class=\"wp-block-paragraph\">La Regidoria de Cultura de l&#8217;Ajuntament de la Vall d&#8217;Uix\u00f3 presenta la sisena edici\u00f3 del Concert A Tres Bandes, protagonitzat per la Uni\u00f3 Musical Valldeuxense, l&#8217;Ateneu Musical Schola Cantorum i el Centre Instructiu d&#8217;Art i Cultura (CIAC). L&#8217;acte tindr\u00e0 lloc el dissabte 18 de juliol, a les 18.30 hores, a l&#8217;Auditori Leopoldo Penyarroja. Les entrades al concert s\u00f3n gratu\u00eftes i es poden aconseguir a la web www.auditoriolavallduixo.es<\/p>\n\n\n\n<p class=\"wp-block-paragraph\">\u00abLa finalitat d&#8217;aquest concert \u00e9s mostrar a la ciutadania la riquesa cultural, concretament a l&#8217;\u00e0mbit musical, que tenim a la nostra ciutat\u00bb, explica el regidor de Cultura, Jorge Marqu\u00e9s, que assenyala la tasca tan important que realitzen aquestes entitats: \u00ables tres bandes de m\u00fasica duen a terme, no nom\u00e9s un important\u00edssim treball cultural, sin\u00f3 tamb\u00e9 educatiu, ja que compten amb escoles de m\u00fasica que ensenyen\u00bb<\/p>\n\n\n\n<p class=\"wp-block-paragraph\">El regidor ha animat la ciutadania de la Vall d&#8217;Uix\u00f3 i rodalies a gaudir d&#8217;aquest concert i ha recordat que hi queden molt poques entrades disponibles.<\/p>\n\n\n\n<p class=\"wp-block-paragraph\"><\/p>\n","protected":false},"excerpt":{"rendered":"<p>El regidor de cultura Jorge Marqu\u00e9s ha presentat la sisena edici\u00f3 del concert de la m\u00e0 del Centre Instructiu d\u2019Art i Cultura, la Schola Cantorum i la Uni\u00f3 Musical Vallduxense La Regidoria de Cultura de l&#8217;Ajuntament de la Vall d&#8217;Uix\u00f3 presenta la sisena edici\u00f3 del Concert A Tres Bandes, protagonitzat per la Uni\u00f3 Musical Valldeuxense, &#8230; <a title=\"L&#8217;Ajuntament de la Vall d&#8217;Uix\u00f3 presenta el Concert A Tres Bandes d&#8217;aquest dissabte 18 de juliol\" class=\"read-more\" href=\"https:\/\/elcafedepipa.com\/index.php\/2026\/07\/14\/lajuntament-de-la-vall-duixo-presenta-el-concert-a-tres-bandes-daquest-dissabte-18-de-juliol\/\" aria-label=\"M\u00e9s informaci\u00f3 sobre L&#8217;Ajuntament de la Vall d&#8217;Uix\u00f3 presenta el Concert A Tres Bandes d&#8217;aquest dissabte 18 de juliol\">Read more<\/a><\/p>\n","protected":false},"author":2,"featured_media":26653,"comment_status":"closed","ping_status":"closed","sticky":false,"template":"","format":"standard","meta":{"om_disable_all_campaigns":false,"_monsterinsights_skip_tracking":false,"_uf_show_specific_survey":0,"_uf_disable_surveys":false,"slim_seo":{"title":"L'Ajuntament de la Vall d'Uix\u00f3 presenta el Concert A Tres Bandes d'aquest dissabte 18 de juliol - El caf\u00e9 de Pipa","description":"El regidor de cultura Jorge Marqu\u00e9s ha presentat la sisena edici\u00f3 del concert de la m\u00e0 del Centre Instructiu d\u2019Art i Cultura, la Schola Cantorum i la Uni\u00f3 Music"},"footnotes":""},"categories":[1],"tags":[],"ppma_author":[74],"class_list":["post-26652","post","type-post","status-publish","format-standard","has-post-thumbnail","hentry","category-non-classe"],"distributor_meta":false,"distributor_terms":false,"distributor_media":false,"distributor_original_site_name":"El caf\u00e9 de Pipa","distributor_original_site_url":"https:\/\/elcafedepipa.com","push-errors":false,"authors":[{"term_id":74,"user_id":2,"is_guest":0,"slug":"radiolavallduixo","display_name":"Vicent Arnau Forner","avatar_url":"https:\/\/secure.gravatar.com\/avatar\/26a27d13d194fc3b4d2a7a933a63466fa1af911ef6eac8a107691f6aeb82d442?s=96&d=mm&r=g","author_category":"","first_name":"ecdp","last_name":"","user_url":"http:\/\/www.elcafedepipa.com","job_title":"","description":""}],"_links":{"self":[{"href":"https:\/\/elcafedepipa.com\/index.php\/wp-json\/wp\/v2\/posts\/26652","targetHints":{"allow":["GET"]}}],"collection":[{"href":"https:\/\/elcafedepipa.com\/index.php\/wp-json\/wp\/v2\/posts"}],"about":[{"href":"https:\/\/elcafedepipa.com\/index.php\/wp-json\/wp\/v2\/types\/post"}],"author":[{"embeddable":true,"href":"https:\/\/elcafedepipa.com\/index.php\/wp-json\/wp\/v2\/users\/2"}],"replies":[{"embeddable":true,"href":"https:\/\/elcafedepipa.com\/index.php\/wp-json\/wp\/v2\/comments?post=26652"}],"version-history":[{"count":1,"href":"https:\/\/elcafedepipa.com\/index.php\/wp-json\/wp\/v2\/posts\/26652\/revisions"}],"predecessor-version":[{"id":26654,"href":"https:\/\/elcafedepipa.com\/index.php\/wp-json\/wp\/v2\/posts\/26652\/revisions\/26654"}],"wp:featuredmedia":[{"embeddable":true,"href":"https:\/\/elcafedepipa.com\/index.php\/wp-json\/wp\/v2\/media\/26653"}],"wp:attachment":[{"href":"https:\/\/elcafedepipa.com\/index.php\/wp-json\/wp\/v2\/media?parent=26652"}],"wp:term":[{"taxonomy":"category","embeddable":true,"href":"https:\/\/elcafedepipa.com\/index.php\/wp-json\/wp\/v2\/categories?post=26652"},{"taxonomy":"post_tag","embeddable":true,"href":"https:\/\/elcafedepipa.com\/index.php\/wp-json\/wp\/v2\/tags?post=26652"},{"taxonomy":"author","embeddable":true,"href":"https:\/\/elcafedepipa.com\/index.php\/wp-json\/wp\/v2\/ppma_author?post=26652"}],"curies":[{"name":"wp","href":"https:\/\/api.w.org\/{rel}","templated":true}]}}