{"id":2617,"date":"2024-07-03T14:01:30","date_gmt":"2024-07-03T12:01:30","guid":{"rendered":"https:\/\/elcafedepipa.com\/?p=2617"},"modified":"2024-07-03T14:01:32","modified_gmt":"2024-07-03T12:01:32","slug":"la-diputacio-de-castello-incidix-en-la-importancia-del-pacte-blau-europeu-per-a-la-gestio-de-laigua-a-la-ue","status":"publish","type":"post","link":"https:\/\/elcafedepipa.com\/index.php\/2024\/07\/03\/la-diputacio-de-castello-incidix-en-la-importancia-del-pacte-blau-europeu-per-a-la-gestio-de-laigua-a-la-ue\/","title":{"rendered":"La Diputaci\u00f3 de Castell\u00f3 incidix en la import\u00e0ncia del Pacte Blau Europeu per a la gesti\u00f3 de l&#8217;aigua a la UE"},"content":{"rendered":"\n<p style=\"font-size:24px\"><strong>Mar\u00eda \u00c1ngeles Pallar\u00e9s lidera el di\u00e0leg europeu sobre resili\u00e8ncia h\u00eddrica i digitalitzaci\u00f3<\/strong><\/p>\n\n\n\n<p>La Diputaci\u00f3 Provincial de Castell\u00f3 ha instat al Di\u00e0leg Local de la UE: Aigua, Europa i Comunitats Resilients, a convertir el Pacte Blau Europeu per a la gesti\u00f3 de l&#8217;aigua en realitat.<\/p>\n\n\n\n<p>Mar\u00eda \u00c1ngeles Pallar\u00e9s, vicepresidenta de la instituci\u00f3 provincial i diputada de l&#8217;Oficina de Fons Europeus, ha participat en aquest f\u00f2rum a&nbsp;Carcassonne&nbsp;amb l\u00edders i experts de la UE i del Mediterrani, com Jord\u00e0nia, B\u00f2snia, Alg\u00e8ria i el Marroc, per unir esfor\u00e7os cap a una estrat\u00e8gia europea de l&#8217;aigua per al per\u00edode 2024-2029.<\/p>\n\n\n\n<p>Durant el di\u00e0leg, organitzat pel Comit\u00e9 Europeu de les Regions i&nbsp;ARLEM, s&#8217;han tractat aspectes clau com la governan\u00e7a h\u00eddrica, digitalitzaci\u00f3, innovaci\u00f3 i gesti\u00f3 eficient de l&#8217;aigua en zones rurals per combatre la sequera que afecta diverses comunitats de la UE,&nbsp;incloent-hi&nbsp;Castell\u00f3.<\/p>\n\n\n\n<p>Pallar\u00e9s ha destacat el problema de sequera a Castell\u00f3 i el comprom\u00eds de la Diputaci\u00f3 per garantir el subministrament sostenible d&#8217;aigua potable als municipis. Ha posat en relleu les mesures estrat\u00e8giques adoptades per a mantenir l&#8217;equitat i l&#8217;efici\u00e8ncia en aquest context.<\/p>\n\n\n\n<p>A m\u00e9s, ha compartit les diverses accions de la Diputaci\u00f3 per afrontar els reptes h\u00eddrics, com la recent inversi\u00f3 de 300.000 euros per a subministrar aigua immediata als municipis afectats, complementant el comprom\u00eds d&#8217;1 mili\u00f3 d&#8217;euros per abordar el d\u00e8ficit h\u00eddric a la prov\u00edncia.<\/p>\n\n\n\n<p>Mar\u00eda \u00c1ngeles Pallar\u00e9s tamb\u00e9 ha presentat el Pla Director de l&#8217;Aigua de la Diputaci\u00f3, un pla ambici\u00f3s inspirat en l&#8217;enfocament Water Wise de la Comissi\u00f3 Europea, que inclou actuacions en depuradores i digitalitzaci\u00f3 de l&#8217;aigua.<\/p>\n\n\n\n<p><\/p>\n","protected":false},"excerpt":{"rendered":"<p>Mar\u00eda \u00c1ngeles Pallar\u00e9s lidera el di\u00e0leg europeu sobre resili\u00e8ncia h\u00eddrica i digitalitzaci\u00f3 La Diputaci\u00f3 Provincial de Castell\u00f3 ha instat al Di\u00e0leg Local de la UE: Aigua, Europa i Comunitats Resilients, a convertir el Pacte Blau Europeu per a la gesti\u00f3 de l&#8217;aigua en realitat. Mar\u00eda \u00c1ngeles Pallar\u00e9s, vicepresidenta de la instituci\u00f3 provincial i diputada de &#8230; <a title=\"La Diputaci\u00f3 de Castell\u00f3 incidix en la import\u00e0ncia del Pacte Blau Europeu per a la gesti\u00f3 de l&#8217;aigua a la UE\" class=\"read-more\" href=\"https:\/\/elcafedepipa.com\/index.php\/2024\/07\/03\/la-diputacio-de-castello-incidix-en-la-importancia-del-pacte-blau-europeu-per-a-la-gestio-de-laigua-a-la-ue\/\" aria-label=\"M\u00e9s informaci\u00f3 sobre La Diputaci\u00f3 de Castell\u00f3 incidix en la import\u00e0ncia del Pacte Blau Europeu per a la gesti\u00f3 de l&#8217;aigua a la UE\">Read more<\/a><\/p>\n","protected":false},"author":2,"featured_media":2622,"comment_status":"closed","ping_status":"closed","sticky":false,"template":"","format":"standard","meta":{"om_disable_all_campaigns":false,"_monsterinsights_skip_tracking":false,"_monsterinsights_sitenote_active":false,"_monsterinsights_sitenote_note":"","_monsterinsights_sitenote_category":0,"_uf_show_specific_survey":0,"_uf_disable_surveys":false,"footnotes":""},"categories":[1,10],"tags":[],"class_list":["post-2617","post","type-post","status-publish","format-standard","has-post-thumbnail","hentry","category-non-classe","category-provinciadecastello"],"_links":{"self":[{"href":"https:\/\/elcafedepipa.com\/index.php\/wp-json\/wp\/v2\/posts\/2617","targetHints":{"allow":["GET"]}}],"collection":[{"href":"https:\/\/elcafedepipa.com\/index.php\/wp-json\/wp\/v2\/posts"}],"about":[{"href":"https:\/\/elcafedepipa.com\/index.php\/wp-json\/wp\/v2\/types\/post"}],"author":[{"embeddable":true,"href":"https:\/\/elcafedepipa.com\/index.php\/wp-json\/wp\/v2\/users\/2"}],"replies":[{"embeddable":true,"href":"https:\/\/elcafedepipa.com\/index.php\/wp-json\/wp\/v2\/comments?post=2617"}],"version-history":[{"count":0,"href":"https:\/\/elcafedepipa.com\/index.php\/wp-json\/wp\/v2\/posts\/2617\/revisions"}],"wp:featuredmedia":[{"embeddable":true,"href":"https:\/\/elcafedepipa.com\/index.php\/wp-json\/wp\/v2\/media\/2622"}],"wp:attachment":[{"href":"https:\/\/elcafedepipa.com\/index.php\/wp-json\/wp\/v2\/media?parent=2617"}],"wp:term":[{"taxonomy":"category","embeddable":true,"href":"https:\/\/elcafedepipa.com\/index.php\/wp-json\/wp\/v2\/categories?post=2617"},{"taxonomy":"post_tag","embeddable":true,"href":"https:\/\/elcafedepipa.com\/index.php\/wp-json\/wp\/v2\/tags?post=2617"}],"curies":[{"name":"wp","href":"https:\/\/api.w.org\/{rel}","templated":true}]}}