{"id":2611,"date":"2024-07-03T12:59:36","date_gmt":"2024-07-03T10:59:36","guid":{"rendered":"https:\/\/elcafedepipa.com\/?p=2611"},"modified":"2024-07-03T12:59:38","modified_gmt":"2024-07-03T10:59:38","slug":"la-diputacio-de-castello-reforca-la-lluita-contra-els-mosquits-despres-de-les-pluges-registrades","status":"publish","type":"post","link":"https:\/\/elcafedepipa.com\/index.php\/2024\/07\/03\/la-diputacio-de-castello-reforca-la-lluita-contra-els-mosquits-despres-de-les-pluges-registrades\/","title":{"rendered":"La Diputaci\u00f3 de Castell\u00f3 refor\u00e7a la lluita contra els mosquits despr\u00e9s de les pluges registrades"},"content":{"rendered":"\n<p style=\"font-size:24px\"><strong>La instituci\u00f3 provincial intensifica els tractaments en zones de cria per evitar la proliferaci\u00f3 de larves<\/strong><\/p>\n\n\n\n<p>El Servei de Control de Mosquits de la Diputaci\u00f3 de Castell\u00f3 est\u00e0 intensificant la vigil\u00e0ncia i tractament dels focus de cria despr\u00e9s de les intenses pluges del passat dilluns a la prov\u00edncia. Segons el diputat de Medi Natural, Jos\u00e9 Mar\u00eda Andr\u00e9s, s&#8217;han refor\u00e7at els equips d&#8217;actuaci\u00f3 per respondre r\u00e0pidament a l&#8217;eclosi\u00f3 de larves de mosquit, especialment en les zones inundables de marjaleria del litoral castellonenc.<\/p>\n\n\n\n<p>Les primeres inspeccions, realitzades 24 hores despr\u00e9s de les precipitacions, no han detectat grans embassades en les zones de marjaleria accessibles, tot i que alguns municipis litorals del sud han registrat acumulats superiors a 50 l\/m\u00b2. Malgrat aix\u00f2, s&#8217;han iniciat tractaments larvicides en les acumulacions d&#8217;aigua detectades, per reduir les poblacions larv\u00e0ries de mosquits en els primers estadis del cicle vital. Es fa \u00fas d&#8217;un larvicida biol\u00f2gic que afecta nom\u00e9s a larves de mosquit i mosca negra, sent innocu per a la resta de fauna i flora.<\/p>\n\n\n\n<p>Durant les pr\u00f2ximes setmanes, es continuaran els treballs de vigil\u00e0ncia i tractament per minimitzar l&#8217;impacte dels mosquits en la poblaci\u00f3. Tamb\u00e9 s&#8217;inspeccionaran les zones urbanes dels municipis litorals i prelitorals, notificant als ajuntaments la situaci\u00f3 i assessorant-los en les actuacions necess\u00e0ries.<\/p>\n\n\n\n<p>La ciutadania \u00e9s clau en la prevenci\u00f3, evitant acumulacions d&#8217;aigua en propietats privades per reduir la incid\u00e8ncia del mosquit tigre, m\u00e9s com\u00fa en zones urbanes. El diputat ha subratllat la import\u00e0ncia de la col\u00b7laboraci\u00f3 ciutadana en la lluita contra els mosquits: &#8220;En la lluita contra els mosquits hem d&#8217;anar tots de la m\u00e0, en la mateixa direcci\u00f3, els ciutadans i les administracions&#8221;.<\/p>\n\n\n\n<p><\/p>\n","protected":false},"excerpt":{"rendered":"<p>La instituci\u00f3 provincial intensifica els tractaments en zones de cria per evitar la proliferaci\u00f3 de larves El Servei de Control de Mosquits de la Diputaci\u00f3 de Castell\u00f3 est\u00e0 intensificant la vigil\u00e0ncia i tractament dels focus de cria despr\u00e9s de les intenses pluges del passat dilluns a la prov\u00edncia. Segons el diputat de Medi Natural, Jos\u00e9 &#8230; <a title=\"La Diputaci\u00f3 de Castell\u00f3 refor\u00e7a la lluita contra els mosquits despr\u00e9s de les pluges registrades\" class=\"read-more\" href=\"https:\/\/elcafedepipa.com\/index.php\/2024\/07\/03\/la-diputacio-de-castello-reforca-la-lluita-contra-els-mosquits-despres-de-les-pluges-registrades\/\" aria-label=\"M\u00e9s informaci\u00f3 sobre La Diputaci\u00f3 de Castell\u00f3 refor\u00e7a la lluita contra els mosquits despr\u00e9s de les pluges registrades\">Read more<\/a><\/p>\n","protected":false},"author":2,"featured_media":2612,"comment_status":"closed","ping_status":"open","sticky":false,"template":"","format":"standard","meta":{"om_disable_all_campaigns":false,"_monsterinsights_skip_tracking":false,"_monsterinsights_sitenote_active":false,"_monsterinsights_sitenote_note":"","_monsterinsights_sitenote_category":0,"_uf_show_specific_survey":0,"_uf_disable_surveys":false,"footnotes":""},"categories":[10],"tags":[],"class_list":["post-2611","post","type-post","status-publish","format-standard","has-post-thumbnail","hentry","category-provinciadecastello"],"_links":{"self":[{"href":"https:\/\/elcafedepipa.com\/index.php\/wp-json\/wp\/v2\/posts\/2611","targetHints":{"allow":["GET"]}}],"collection":[{"href":"https:\/\/elcafedepipa.com\/index.php\/wp-json\/wp\/v2\/posts"}],"about":[{"href":"https:\/\/elcafedepipa.com\/index.php\/wp-json\/wp\/v2\/types\/post"}],"author":[{"embeddable":true,"href":"https:\/\/elcafedepipa.com\/index.php\/wp-json\/wp\/v2\/users\/2"}],"replies":[{"embeddable":true,"href":"https:\/\/elcafedepipa.com\/index.php\/wp-json\/wp\/v2\/comments?post=2611"}],"version-history":[{"count":0,"href":"https:\/\/elcafedepipa.com\/index.php\/wp-json\/wp\/v2\/posts\/2611\/revisions"}],"wp:featuredmedia":[{"embeddable":true,"href":"https:\/\/elcafedepipa.com\/index.php\/wp-json\/wp\/v2\/media\/2612"}],"wp:attachment":[{"href":"https:\/\/elcafedepipa.com\/index.php\/wp-json\/wp\/v2\/media?parent=2611"}],"wp:term":[{"taxonomy":"category","embeddable":true,"href":"https:\/\/elcafedepipa.com\/index.php\/wp-json\/wp\/v2\/categories?post=2611"},{"taxonomy":"post_tag","embeddable":true,"href":"https:\/\/elcafedepipa.com\/index.php\/wp-json\/wp\/v2\/tags?post=2611"}],"curies":[{"name":"wp","href":"https:\/\/api.w.org\/{rel}","templated":true}]}}