{"id":2605,"date":"2024-07-03T12:43:25","date_gmt":"2024-07-03T10:43:25","guid":{"rendered":"https:\/\/elcafedepipa.com\/?p=2605"},"modified":"2024-07-03T12:43:27","modified_gmt":"2024-07-03T10:43:27","slug":"lajuntament-de-la-vall-duixo-crea-els-oasis-climatics-per-combatre-la-calor","status":"publish","type":"post","link":"https:\/\/elcafedepipa.com\/index.php\/2024\/07\/03\/lajuntament-de-la-vall-duixo-crea-els-oasis-climatics-per-combatre-la-calor\/","title":{"rendered":"L&#8217;Ajuntament de la Vall d\u2019Uix\u00f3 crea els Oasis Clim\u00e0tics per combatre la calor"},"content":{"rendered":"\n<p style=\"font-size:24px\"><strong>Cinc centres socials oferiran espai climatitzat i activitats durant juliol i agost<\/strong><\/p>\n\n\n\n<p>L&#8217;Ajuntament de la Vall d\u2019Uix\u00f3 ha impulsat el projecte Oasis Clim\u00e0tics, que ofereix espais p\u00fablics climatitzats per a protegir la poblaci\u00f3 de les altes temperatures. Al juliol i agost, cinc centres socials (Maestro Rodrigo, Santiago Ap\u00f2stol, San Antonio, Carbonaire i les Llimeres) estaran disponibles per a aquelles persones que no poden permetre&#8217;s aire condicionat a casa, segons ha explicat el regidor de Serveis Socials, Jorge Marqu\u00e9s.<\/p>\n\n\n\n<p>Aquesta iniciativa, que compta amb la col\u00b7laboraci\u00f3 de la Comissi\u00f3 de Gent Gran i les associacions de jubilats, t\u00e9 com a objectiu crear zones on refugiar-se de la calor i fer front a les cada vegada m\u00e9s freq\u00fcents onades de calor. <\/p>\n\n\n\n<p>A m\u00e9s de la climatitzaci\u00f3, aquests espais oferiran fonts d\u2019aigua fresca, jocs de taula, manualitats, llibres i passatemps, fomentant la interacci\u00f3 social i combatent la soledat. Marqu\u00e9s ha destacat la import\u00e0ncia de crear comunitat i xarxes de suport, involucrant a tots els agents socials.<\/p>\n","protected":false},"excerpt":{"rendered":"<p>Cinc centres socials oferiran espai climatitzat i activitats durant juliol i agost L&#8217;Ajuntament de la Vall d\u2019Uix\u00f3 ha impulsat el projecte Oasis Clim\u00e0tics, que ofereix espais p\u00fablics climatitzats per a protegir la poblaci\u00f3 de les altes temperatures. Al juliol i agost, cinc centres socials (Maestro Rodrigo, Santiago Ap\u00f2stol, San Antonio, Carbonaire i les Llimeres) estaran &#8230; <a title=\"L&#8217;Ajuntament de la Vall d\u2019Uix\u00f3 crea els Oasis Clim\u00e0tics per combatre la calor\" class=\"read-more\" href=\"https:\/\/elcafedepipa.com\/index.php\/2024\/07\/03\/lajuntament-de-la-vall-duixo-crea-els-oasis-climatics-per-combatre-la-calor\/\" aria-label=\"M\u00e9s informaci\u00f3 sobre L&#8217;Ajuntament de la Vall d\u2019Uix\u00f3 crea els Oasis Clim\u00e0tics per combatre la calor\">Read more<\/a><\/p>\n","protected":false},"author":2,"featured_media":2606,"comment_status":"closed","ping_status":"closed","sticky":false,"template":"","format":"standard","meta":{"om_disable_all_campaigns":false,"_monsterinsights_skip_tracking":false,"_monsterinsights_sitenote_active":false,"_monsterinsights_sitenote_note":"","_monsterinsights_sitenote_category":0,"_uf_show_specific_survey":0,"_uf_disable_surveys":false,"footnotes":""},"categories":[2],"tags":[],"class_list":["post-2605","post","type-post","status-publish","format-standard","has-post-thumbnail","hentry","category-lavallduixo"],"_links":{"self":[{"href":"https:\/\/elcafedepipa.com\/index.php\/wp-json\/wp\/v2\/posts\/2605","targetHints":{"allow":["GET"]}}],"collection":[{"href":"https:\/\/elcafedepipa.com\/index.php\/wp-json\/wp\/v2\/posts"}],"about":[{"href":"https:\/\/elcafedepipa.com\/index.php\/wp-json\/wp\/v2\/types\/post"}],"author":[{"embeddable":true,"href":"https:\/\/elcafedepipa.com\/index.php\/wp-json\/wp\/v2\/users\/2"}],"replies":[{"embeddable":true,"href":"https:\/\/elcafedepipa.com\/index.php\/wp-json\/wp\/v2\/comments?post=2605"}],"version-history":[{"count":0,"href":"https:\/\/elcafedepipa.com\/index.php\/wp-json\/wp\/v2\/posts\/2605\/revisions"}],"wp:featuredmedia":[{"embeddable":true,"href":"https:\/\/elcafedepipa.com\/index.php\/wp-json\/wp\/v2\/media\/2606"}],"wp:attachment":[{"href":"https:\/\/elcafedepipa.com\/index.php\/wp-json\/wp\/v2\/media?parent=2605"}],"wp:term":[{"taxonomy":"category","embeddable":true,"href":"https:\/\/elcafedepipa.com\/index.php\/wp-json\/wp\/v2\/categories?post=2605"},{"taxonomy":"post_tag","embeddable":true,"href":"https:\/\/elcafedepipa.com\/index.php\/wp-json\/wp\/v2\/tags?post=2605"}],"curies":[{"name":"wp","href":"https:\/\/api.w.org\/{rel}","templated":true}]}}