{"id":2602,"date":"2024-07-03T12:51:54","date_gmt":"2024-07-03T10:51:54","guid":{"rendered":"https:\/\/elcafedepipa.com\/?p=2602"},"modified":"2024-07-03T12:51:55","modified_gmt":"2024-07-03T10:51:55","slug":"podcast-el-i-concurs-dinterpretacio-uixo-ja-te-als-10-musics-finalistes","status":"publish","type":"post","link":"https:\/\/elcafedepipa.com\/index.php\/2024\/07\/03\/podcast-el-i-concurs-dinterpretacio-uixo-ja-te-als-10-musics-finalistes\/","title":{"rendered":"Podcast | El I Concurs d&#8217;Interpretaci\u00f3 Uix\u00f3 ja t\u00e9 als 10 m\u00fasics finalistes"},"content":{"rendered":"\n<p><strong>\u00c0UDIO | <\/strong>El I Concurs d&#8217;Interpretaci\u00f3 Uix\u00f3 ja t\u00e9 als 10 m\u00fasics finalistes que participaran aquest dissabte 6 de juliol a les 12 hores en la Gala Final al Teatre Carmen Tur. Finalistes de la categoria A: Jimena Moliner (Clarinet), Helena S\u00e1nchez (Viola) i Lucia Carcel (Flauta). Categoria B: Clara Jover (Viol\u00ed), Gonzalo Pando (Flauta) i Gal\u2022la Moya (Saxo). Categoria C: Sergio Gracia (Clarinet), Ana Mart\u00ednez (Violoncel), David Mart\u00ednez (Viol\u00ed) i Marcel Rebollar (Percussi\u00f3). Ens ho conta Laura G\u00f3mez, des de la junta directiva de la Schola Cantorum.<\/p>\n\n\n\n<figure class=\"wp-block-audio\"><audio controls src=\"https:\/\/elcafedepipa.com\/wp-content\/uploads\/2024\/07\/laura3juliol.mp3\"><\/audio><\/figure>\n","protected":false},"excerpt":{"rendered":"<p>\u00c0UDIO | El I Concurs d&#8217;Interpretaci\u00f3 Uix\u00f3 ja t\u00e9 als 10 m\u00fasics finalistes que participaran aquest dissabte 6 de juliol a les 12 hores en la Gala Final al Teatre Carmen Tur. Finalistes de la categoria A: Jimena Moliner (Clarinet), Helena S\u00e1nchez (Viola) i Lucia Carcel (Flauta). Categoria B: Clara Jover (Viol\u00ed), Gonzalo Pando (Flauta) &#8230; <a title=\"Podcast | El I Concurs d&#8217;Interpretaci\u00f3 Uix\u00f3 ja t\u00e9 als 10 m\u00fasics finalistes\" class=\"read-more\" href=\"https:\/\/elcafedepipa.com\/index.php\/2024\/07\/03\/podcast-el-i-concurs-dinterpretacio-uixo-ja-te-als-10-musics-finalistes\/\" aria-label=\"M\u00e9s informaci\u00f3 sobre Podcast | El I Concurs d&#8217;Interpretaci\u00f3 Uix\u00f3 ja t\u00e9 als 10 m\u00fasics finalistes\">Read more<\/a><\/p>\n","protected":false},"author":2,"featured_media":2603,"comment_status":"closed","ping_status":"closed","sticky":false,"template":"","format":"standard","meta":{"om_disable_all_campaigns":false,"_monsterinsights_skip_tracking":false,"_monsterinsights_sitenote_active":false,"_monsterinsights_sitenote_note":"","_monsterinsights_sitenote_category":0,"_uf_show_specific_survey":0,"_uf_disable_surveys":false,"footnotes":""},"categories":[2],"tags":[],"class_list":["post-2602","post","type-post","status-publish","format-standard","has-post-thumbnail","hentry","category-lavallduixo"],"_links":{"self":[{"href":"https:\/\/elcafedepipa.com\/index.php\/wp-json\/wp\/v2\/posts\/2602","targetHints":{"allow":["GET"]}}],"collection":[{"href":"https:\/\/elcafedepipa.com\/index.php\/wp-json\/wp\/v2\/posts"}],"about":[{"href":"https:\/\/elcafedepipa.com\/index.php\/wp-json\/wp\/v2\/types\/post"}],"author":[{"embeddable":true,"href":"https:\/\/elcafedepipa.com\/index.php\/wp-json\/wp\/v2\/users\/2"}],"replies":[{"embeddable":true,"href":"https:\/\/elcafedepipa.com\/index.php\/wp-json\/wp\/v2\/comments?post=2602"}],"version-history":[{"count":0,"href":"https:\/\/elcafedepipa.com\/index.php\/wp-json\/wp\/v2\/posts\/2602\/revisions"}],"wp:featuredmedia":[{"embeddable":true,"href":"https:\/\/elcafedepipa.com\/index.php\/wp-json\/wp\/v2\/media\/2603"}],"wp:attachment":[{"href":"https:\/\/elcafedepipa.com\/index.php\/wp-json\/wp\/v2\/media?parent=2602"}],"wp:term":[{"taxonomy":"category","embeddable":true,"href":"https:\/\/elcafedepipa.com\/index.php\/wp-json\/wp\/v2\/categories?post=2602"},{"taxonomy":"post_tag","embeddable":true,"href":"https:\/\/elcafedepipa.com\/index.php\/wp-json\/wp\/v2\/tags?post=2602"}],"curies":[{"name":"wp","href":"https:\/\/api.w.org\/{rel}","templated":true}]}}