{"id":2592,"date":"2024-07-03T11:44:04","date_gmt":"2024-07-03T09:44:04","guid":{"rendered":"https:\/\/elcafedepipa.com\/?p=2592"},"modified":"2024-07-03T11:44:06","modified_gmt":"2024-07-03T09:44:06","slug":"el-pp-de-nules-rebutja-financar-les-reparacions-de-linss-i-exigeix-la-cessio-completa-de-la-casota","status":"publish","type":"post","link":"https:\/\/elcafedepipa.com\/index.php\/2024\/07\/03\/el-pp-de-nules-rebutja-financar-les-reparacions-de-linss-i-exigeix-la-cessio-completa-de-la-casota\/","title":{"rendered":"El PP de Nules rebutja finan\u00e7ar les reparacions de l&#8217;INSS i exigeix la cessi\u00f3 completa de &#8216;La\u00a0Casota&#8217;"},"content":{"rendered":"\n<p><strong>\u201cNo t\u00e9 sentit que Nules haja d&#8217;assumir els desperfectes quan \u00e9s el Govern d&#8217;Espanya qui hauria d&#8217;escometre les reparacions\u201d, comenta el regidor del PP Vicente Bertomeu<\/strong><\/p>\n\n\n\n<p>El Partit Popular de Nules ha rebutjat que Nules costege les reparacions de l&#8217;Institut Nacional de la Seguretat Social (INSS) i ha exigit a l&#8217;alcalde valentia per a sol\u00b7licitar la cessi\u00f3 completa de \u2018La&nbsp;Casota\u2019.<\/p>\n\n\n\n<p>El Grup Municipal del PP ha mostrat el seu rebuig, amb el vot en contra, a la proposta de l&#8217;equip de Govern liderat per l&#8217;alcalde David&nbsp;Garc\u00eda&nbsp;de demanar la cessi\u00f3 a&nbsp;25&nbsp;anys de part de l&#8217;edifici que el Ministeri de Seguretat Social t\u00e9 en la localitat. \u201cDes del PP diem un rotund no a esta proposta, perqu\u00e8 entenem que si tu demanes la cessi\u00f3 d&#8217;un edifici, te l&#8217;han de cedir en bones condicions, i este no \u00e9s el cas\u201d, ha manifestat el regidor del Grup Municipal del PP,&nbsp;Vicente&nbsp;Bertomeu.<\/p>\n\n\n\n<p>I \u00e9s que, tal com ha ressaltat&nbsp;Bertomeu, l&#8217;edifici destinat,&nbsp;hui en dia, a Centre d&#8217;Atenci\u00f3 i Informaci\u00f3 de la Seguretat Social (CAISS) de Nules, es troba en unes condicions \u201cterribles\u201d. Pel que, per a poder entrar a utilitzar este immoble, l&#8217;Ajuntament ha de fer una inversi\u00f3 molt important, \u201cquan l&#8217;edifici no \u00e9s, ni ser\u00e0 seu\u201d, ha apuntat el regidor.<\/p>\n\n\n\n<p>\u201cSi l&#8217;equip de Govern de Nules, fora un equip valent, en comptes de subm\u00eds a Pedro S\u00e1nchez, el que faria seria demanar-li al Govern d&#8217;Espanya que arregle eixe edifici i que ens el done. Que ens done una sessi\u00f3 perp\u00e8tua i no a&nbsp;25&nbsp;anys, perqu\u00e8 llavors s\u00ed que tindria sentit fer una inversi\u00f3 en l&#8217;edifici, ja que repercutiria al b\u00e9 del poble al 100%\u201d, ha destacat el regidor del PP.<\/p>\n\n\n\n<p>En este sentit,&nbsp;Vicente&nbsp;Bertomeu&nbsp;ha explicat que, per al correcte funcionament i la utilitzaci\u00f3 del centre, l&#8217;Ajuntament de Nules ha d&#8217;arreglar les nombroses defici\u00e8ncies que presenta el mateix. \u201cCal fer una reforma de les instal\u00b7lacions perqu\u00e8 no estan adequades, canviar el fals sostre, ja que, a causa de les goteres generalitzades, cal posar-lo nou. A m\u00e9s, cal canviar la coberta sencera i l&#8217;aire condicionat perqu\u00e8 no funciona\u201d.<\/p>\n\n\n\n<p>Una llista \u201cmolt llarga\u201d de reparacions que, com a m\u00ednim, \u201ccostar\u00e0 als ve\u00efns i ve\u00efnes de Nules 236.000 euros. Una quantitat molt important, sobretot, si es t\u00e9 en compte que l&#8217;\u00fas de la part que es reformar\u00e0 no \u00e9s exclusiu per a l&#8217;Ajuntament de Nules, ja que la Seguretat Social podr\u00e0 fer \u00fas d&#8217;eixa part renovada sempre que ho necessite\u201d, ha expressat el regidor del PP.<\/p>\n\n\n\n<p>D&#8217;esta manera,&nbsp;Bertomeu&nbsp;s&#8217;ha preguntat \u201cd&#8217;on traur\u00e0 l&#8217;alcalde de Nules eixos diners despr\u00e9s de dir als funcionaris que no els podr\u00e0&nbsp;apujar&nbsp;el sou, com s&#8217;havia comprom\u00e9s, perqu\u00e8 no hi ha diners\u201d.<\/p>\n\n\n\n<p>Aix\u00ed, el regidor ha valorat \u201cde nefasta\u201d la gesti\u00f3 municipal, perqu\u00e8 \u201ceste no \u00e9s un bon negoci\u201d. \u201cEns gastarem els diners en un edifici que no \u00e9s, ni ser\u00e0 nostre i que&nbsp;d&#8217;ac\u00ed a 25&nbsp;anys haurem de retornar a la Seguretat Social totalment&nbsp;renovat&nbsp;i nou. L&#8217;Ajuntament llogar\u00e0 un immoble, el far\u00e0 nou i quan estiga nou i bonic el retornar\u00e0 al seu amo. Alguna cosa que no t\u00e9 sentit\u201d, ha rematat&nbsp;Bertomeu.<\/p>\n","protected":false},"excerpt":{"rendered":"<p>\u201cNo t\u00e9 sentit que Nules haja d&#8217;assumir els desperfectes quan \u00e9s el Govern d&#8217;Espanya qui hauria d&#8217;escometre les reparacions\u201d, comenta el regidor del PP Vicente Bertomeu El Partit Popular de Nules ha rebutjat que Nules costege les reparacions de l&#8217;Institut Nacional de la Seguretat Social (INSS) i ha exigit a l&#8217;alcalde valentia per a sol\u00b7licitar &#8230; <a title=\"El PP de Nules rebutja finan\u00e7ar les reparacions de l&#8217;INSS i exigeix la cessi\u00f3 completa de &#8216;La\u00a0Casota&#8217;\" class=\"read-more\" href=\"https:\/\/elcafedepipa.com\/index.php\/2024\/07\/03\/el-pp-de-nules-rebutja-financar-les-reparacions-de-linss-i-exigeix-la-cessio-completa-de-la-casota\/\" aria-label=\"M\u00e9s informaci\u00f3 sobre El PP de Nules rebutja finan\u00e7ar les reparacions de l&#8217;INSS i exigeix la cessi\u00f3 completa de &#8216;La\u00a0Casota&#8217;\">Read more<\/a><\/p>\n","protected":false},"author":2,"featured_media":2593,"comment_status":"closed","ping_status":"closed","sticky":false,"template":"","format":"standard","meta":{"om_disable_all_campaigns":false,"_monsterinsights_skip_tracking":false,"_monsterinsights_sitenote_active":false,"_monsterinsights_sitenote_note":"","_monsterinsights_sitenote_category":0,"_uf_show_specific_survey":0,"_uf_disable_surveys":false,"footnotes":""},"categories":[3],"tags":[],"class_list":["post-2592","post","type-post","status-publish","format-standard","has-post-thumbnail","hentry","category-nules"],"_links":{"self":[{"href":"https:\/\/elcafedepipa.com\/index.php\/wp-json\/wp\/v2\/posts\/2592","targetHints":{"allow":["GET"]}}],"collection":[{"href":"https:\/\/elcafedepipa.com\/index.php\/wp-json\/wp\/v2\/posts"}],"about":[{"href":"https:\/\/elcafedepipa.com\/index.php\/wp-json\/wp\/v2\/types\/post"}],"author":[{"embeddable":true,"href":"https:\/\/elcafedepipa.com\/index.php\/wp-json\/wp\/v2\/users\/2"}],"replies":[{"embeddable":true,"href":"https:\/\/elcafedepipa.com\/index.php\/wp-json\/wp\/v2\/comments?post=2592"}],"version-history":[{"count":0,"href":"https:\/\/elcafedepipa.com\/index.php\/wp-json\/wp\/v2\/posts\/2592\/revisions"}],"wp:featuredmedia":[{"embeddable":true,"href":"https:\/\/elcafedepipa.com\/index.php\/wp-json\/wp\/v2\/media\/2593"}],"wp:attachment":[{"href":"https:\/\/elcafedepipa.com\/index.php\/wp-json\/wp\/v2\/media?parent=2592"}],"wp:term":[{"taxonomy":"category","embeddable":true,"href":"https:\/\/elcafedepipa.com\/index.php\/wp-json\/wp\/v2\/categories?post=2592"},{"taxonomy":"post_tag","embeddable":true,"href":"https:\/\/elcafedepipa.com\/index.php\/wp-json\/wp\/v2\/tags?post=2592"}],"curies":[{"name":"wp","href":"https:\/\/api.w.org\/{rel}","templated":true}]}}