{"id":2584,"date":"2024-07-03T10:11:44","date_gmt":"2024-07-03T08:11:44","guid":{"rendered":"https:\/\/elcafedepipa.com\/?p=2584"},"modified":"2024-07-03T10:11:45","modified_gmt":"2024-07-03T08:11:45","slug":"nules-dinamitza-les-platges-amb-les-nits-a-lestany-durant-el-mes-de-juliol","status":"publish","type":"post","link":"https:\/\/elcafedepipa.com\/index.php\/2024\/07\/03\/nules-dinamitza-les-platges-amb-les-nits-a-lestany-durant-el-mes-de-juliol\/","title":{"rendered":"Nules dinamitza les platges amb \u201cLes Nits a l\u2019Estany\u201d durant el mes de juliol"},"content":{"rendered":"\n<p>L\u2019Ajuntament de Nules ha organitzat, un any m\u00e9s, una variada programaci\u00f3 que comptar\u00e0 amb diferents activitats que es desenvoluparan durant el mes de juliol a la poblaci\u00f3 mar\u00edtima. Aix\u00ed doncs, el programa \u201cLes Nits a l\u2019Estany\u201d presenta una oferta d&#8217;entreteniment per a tots els p\u00fablics amb actes que tindran lloc els caps de setmana fins diumenge 28 de juliol.<\/p>\n\n\n\n<p>La Terrassa de l\u2019Estany ser\u00e0, doncs, el lloc que albergar\u00e0 aquests espectacles entre els quals hi haur\u00e0 actuacions musicals, concerts, o teatre, entre d\u2019altres. De manera que, el programa est\u00e0 ja a l\u2019abast de les persones interessades en alguns edificis municipals.<\/p>\n\n\n\n<p>A m\u00e9s, les persones majors podran gaudir del tradicional ball els diumenges de juliol i tamb\u00e9 els primers diumenges del mes d\u2019agost.<\/p>\n\n\n\n<p>De fet, les regidores de Cultura i Platges, M. Jos\u00e9&nbsp;Esteban, i de Gent Major, Gemma&nbsp;Carratal\u00e1, han estat les encarregades de presentar aquesta programaci\u00f3 que comen\u00e7a precisament aquest divendres.<\/p>\n\n\n\n<p>En concret, assenyalen que amb aquesta programaci\u00f3 es vol dinamitzar les platges i oferir al ve\u00efnat i visitants espectacles durant els caps de setmana del mes de juliol. \u201cEn aquesta programaci\u00f3 s\u2019han prioritzat les actuacions protagonitzades per grups locals, a m\u00e9s aquesta programaci\u00f3 ens permetr\u00e0 fer de la Terrassa de l\u2019Estany un lloc de reuni\u00f3 durant aquest estiu\u201d, comenta la regidora de Cultura i de Platges, M. Jos\u00e9&nbsp;Esteban.<\/p>\n\n\n\n<p>Amb tot, la programaci\u00f3&nbsp;compta amb&nbsp;les actuacions de l\u2019Orquestra&nbsp;Laud\u00edstica&nbsp;Daniel&nbsp;Fortea, de la Coral Sant Bartomeu i Sant Jaume, del grup de teatre&nbsp;Caraceta&nbsp;CEAM&nbsp;i del Cor Veus&nbsp;CEAM, o de la banda de l\u2019Associaci\u00f3 Musical Art\u00edstica&nbsp;Nulense.<\/p>\n","protected":false},"excerpt":{"rendered":"<p>L\u2019Ajuntament de Nules ha organitzat, un any m\u00e9s, una variada programaci\u00f3 que comptar\u00e0 amb diferents activitats que es desenvoluparan durant el mes de juliol a la poblaci\u00f3 mar\u00edtima. Aix\u00ed doncs, el programa \u201cLes Nits a l\u2019Estany\u201d presenta una oferta d&#8217;entreteniment per a tots els p\u00fablics amb actes que tindran lloc els caps de setmana fins &#8230; <a title=\"Nules dinamitza les platges amb \u201cLes Nits a l\u2019Estany\u201d durant el mes de juliol\" class=\"read-more\" href=\"https:\/\/elcafedepipa.com\/index.php\/2024\/07\/03\/nules-dinamitza-les-platges-amb-les-nits-a-lestany-durant-el-mes-de-juliol\/\" aria-label=\"M\u00e9s informaci\u00f3 sobre Nules dinamitza les platges amb \u201cLes Nits a l\u2019Estany\u201d durant el mes de juliol\">Read more<\/a><\/p>\n","protected":false},"author":2,"featured_media":2586,"comment_status":"closed","ping_status":"closed","sticky":false,"template":"","format":"standard","meta":{"om_disable_all_campaigns":false,"_monsterinsights_skip_tracking":false,"_monsterinsights_sitenote_active":false,"_monsterinsights_sitenote_note":"","_monsterinsights_sitenote_category":0,"_uf_show_specific_survey":0,"_uf_disable_surveys":false,"footnotes":""},"categories":[3],"tags":[],"class_list":["post-2584","post","type-post","status-publish","format-standard","has-post-thumbnail","hentry","category-nules"],"_links":{"self":[{"href":"https:\/\/elcafedepipa.com\/index.php\/wp-json\/wp\/v2\/posts\/2584","targetHints":{"allow":["GET"]}}],"collection":[{"href":"https:\/\/elcafedepipa.com\/index.php\/wp-json\/wp\/v2\/posts"}],"about":[{"href":"https:\/\/elcafedepipa.com\/index.php\/wp-json\/wp\/v2\/types\/post"}],"author":[{"embeddable":true,"href":"https:\/\/elcafedepipa.com\/index.php\/wp-json\/wp\/v2\/users\/2"}],"replies":[{"embeddable":true,"href":"https:\/\/elcafedepipa.com\/index.php\/wp-json\/wp\/v2\/comments?post=2584"}],"version-history":[{"count":0,"href":"https:\/\/elcafedepipa.com\/index.php\/wp-json\/wp\/v2\/posts\/2584\/revisions"}],"wp:featuredmedia":[{"embeddable":true,"href":"https:\/\/elcafedepipa.com\/index.php\/wp-json\/wp\/v2\/media\/2586"}],"wp:attachment":[{"href":"https:\/\/elcafedepipa.com\/index.php\/wp-json\/wp\/v2\/media?parent=2584"}],"wp:term":[{"taxonomy":"category","embeddable":true,"href":"https:\/\/elcafedepipa.com\/index.php\/wp-json\/wp\/v2\/categories?post=2584"},{"taxonomy":"post_tag","embeddable":true,"href":"https:\/\/elcafedepipa.com\/index.php\/wp-json\/wp\/v2\/tags?post=2584"}],"curies":[{"name":"wp","href":"https:\/\/api.w.org\/{rel}","templated":true}]}}