{"id":2541,"date":"2024-07-02T13:25:05","date_gmt":"2024-07-02T11:25:05","guid":{"rendered":"https:\/\/elcafedepipa.com\/?p=2541"},"modified":"2024-07-02T13:35:01","modified_gmt":"2024-07-02T11:35:01","slug":"la-diputacio-de-castello-inverteix-334-500-euros-per-afrontar-el-deficit-hidric","status":"publish","type":"post","link":"https:\/\/elcafedepipa.com\/index.php\/2024\/07\/02\/la-diputacio-de-castello-inverteix-334-500-euros-per-afrontar-el-deficit-hidric\/","title":{"rendered":"La Diputaci\u00f3 de Castell\u00f3 inverteix 334.500 euros per afrontar el d\u00e8ficit h\u00eddric"},"content":{"rendered":"\n<p style=\"font-size:24px\"><strong>La instituci\u00f3 provincial aprovar\u00e0 el 5 de juliol una injecci\u00f3 econ\u00f2mica addicional a l&#8217;ajuda d&#8217;un mili\u00f3 d&#8217;euros per a recursos h\u00eddrics<\/strong><\/p>\n\n\n\n<p>La Diputaci\u00f3 Provincial de Castell\u00f3 injecta 334.500 euros als municipis que afronten el d\u00e8ficit h\u00eddric amb\u00a0cisternes d&#8217;aigua. Dimarts passat, 25 de juny, la presidenta Marta\u00a0Barrachina, juntament amb el vicepresident\u00a0H\u00e9ctor\u00a0Folgado\u00a0i el diputat\u00a0Iv\u00e1n\u00a0S\u00e1nchez, es van reunir amb alcaldes i regidors dels municipis afectats.<\/p>\n\n\n\n<p>En aquesta trobada es va analitzar la situaci\u00f3 cr\u00edtica del prove\u00efment d&#8217;aigua potable. \u201cEns vam comprometre a buscar solucions immediates per a garantir un recurs tan necessari com l&#8217;aigua\u201d, va dir\u00a0Barrachina, referint-se a la injecci\u00f3 extraordin\u00e0ria de 334.500 euros.<\/p>\n\n\n\n<p>Durant la setmana, la Diputaci\u00f3 ha treballat per a atendre urgentment els municipis amb d\u00e8ficit h\u00eddric,&nbsp;determinant&nbsp;la distribuci\u00f3 dels fons: Ares del Maestrat (45.000 \u20ac), Benafigos (52.500 \u20ac), Canet lo Roig (50.000 \u20ac), Cat\u00ed (13.000 \u20ac), Costur (51.000 \u20ac),&nbsp;Pina de Montalgrao&nbsp;(5.000 \u20ac), La Pobla de Benifass\u00e0 (25.000 \u20ac),&nbsp;Puebla de Arenoso&nbsp;(5.000 \u20ac),&nbsp;Rosell&nbsp;(5.000 \u20ac), Vallibona (18.000 \u20ac), Vilar de Canes (5.000 \u20ac), Xodos (55.000 \u20ac) i la Torre d&#8217;en Besora (5.000 \u20ac).<\/p>\n\n\n\n<p>Aquesta distribuci\u00f3 ser\u00e0 aprovada en el ple extraordinari del 5 de juliol. \u201cAmb aquesta aprovaci\u00f3 donem una resposta \u00e0gil i efica\u00e7 per a assegurar el prove\u00efment d&#8217;aigua als nostres municipis\u201d, va afirmar&nbsp;Barrachina.<\/p>\n\n\n\n<p>A m\u00e9s, la Diputaci\u00f3 destinar\u00e0 un total&nbsp;d&#8217;1,3&nbsp;milions d&#8217;euros per garantir l&#8217;aigua potable,&nbsp;incloent-hi&nbsp;un mili\u00f3 d&#8217;euros en subvencions per a municipis de menys de 20.000 habitants que han hagut d&#8217;escometre inversions i despeses urgents per a assegurar el subministrament d&#8217;aigua potable. Aquesta partida ha augmentat un 25%, passant de 800.000 a un mili\u00f3 d&#8217;euros, i les subvencions es destinaran a actuacions com reposicions de bombeig, trencaments en xarxes de prove\u00efment, i subministrament mitjan\u00e7ant&nbsp;cisternes.<\/p>\n\n\n\n<p>Les accions subvencionables hauran de ser d&#8217;aplicaci\u00f3 immediata per a garantir el subministrament en situacions extraordin\u00e0ries, i les despeses hauran de realitzar-se dins de l&#8217;exercici 2024,&nbsp;incloent-hi&nbsp;tant despeses corrents com d&#8217;inversi\u00f3.<\/p>\n","protected":false},"excerpt":{"rendered":"<p>La instituci\u00f3 provincial aprovar\u00e0 el 5 de juliol una injecci\u00f3 econ\u00f2mica addicional a l&#8217;ajuda d&#8217;un mili\u00f3 d&#8217;euros per a recursos h\u00eddrics La Diputaci\u00f3 Provincial de Castell\u00f3 injecta 334.500 euros als municipis que afronten el d\u00e8ficit h\u00eddric amb\u00a0cisternes d&#8217;aigua. Dimarts passat, 25 de juny, la presidenta Marta\u00a0Barrachina, juntament amb el vicepresident\u00a0H\u00e9ctor\u00a0Folgado\u00a0i el diputat\u00a0Iv\u00e1n\u00a0S\u00e1nchez, es van reunir &#8230; <a title=\"La Diputaci\u00f3 de Castell\u00f3 inverteix 334.500 euros per afrontar el d\u00e8ficit h\u00eddric\" class=\"read-more\" href=\"https:\/\/elcafedepipa.com\/index.php\/2024\/07\/02\/la-diputacio-de-castello-inverteix-334-500-euros-per-afrontar-el-deficit-hidric\/\" aria-label=\"M\u00e9s informaci\u00f3 sobre La Diputaci\u00f3 de Castell\u00f3 inverteix 334.500 euros per afrontar el d\u00e8ficit h\u00eddric\">Read more<\/a><\/p>\n","protected":false},"author":2,"featured_media":2542,"comment_status":"closed","ping_status":"closed","sticky":false,"template":"","format":"standard","meta":{"om_disable_all_campaigns":false,"_monsterinsights_skip_tracking":false,"_monsterinsights_sitenote_active":false,"_monsterinsights_sitenote_note":"","_monsterinsights_sitenote_category":0,"_uf_show_specific_survey":0,"_uf_disable_surveys":false,"footnotes":""},"categories":[10],"tags":[],"class_list":["post-2541","post","type-post","status-publish","format-standard","has-post-thumbnail","hentry","category-provinciadecastello"],"_links":{"self":[{"href":"https:\/\/elcafedepipa.com\/index.php\/wp-json\/wp\/v2\/posts\/2541","targetHints":{"allow":["GET"]}}],"collection":[{"href":"https:\/\/elcafedepipa.com\/index.php\/wp-json\/wp\/v2\/posts"}],"about":[{"href":"https:\/\/elcafedepipa.com\/index.php\/wp-json\/wp\/v2\/types\/post"}],"author":[{"embeddable":true,"href":"https:\/\/elcafedepipa.com\/index.php\/wp-json\/wp\/v2\/users\/2"}],"replies":[{"embeddable":true,"href":"https:\/\/elcafedepipa.com\/index.php\/wp-json\/wp\/v2\/comments?post=2541"}],"version-history":[{"count":0,"href":"https:\/\/elcafedepipa.com\/index.php\/wp-json\/wp\/v2\/posts\/2541\/revisions"}],"wp:featuredmedia":[{"embeddable":true,"href":"https:\/\/elcafedepipa.com\/index.php\/wp-json\/wp\/v2\/media\/2542"}],"wp:attachment":[{"href":"https:\/\/elcafedepipa.com\/index.php\/wp-json\/wp\/v2\/media?parent=2541"}],"wp:term":[{"taxonomy":"category","embeddable":true,"href":"https:\/\/elcafedepipa.com\/index.php\/wp-json\/wp\/v2\/categories?post=2541"},{"taxonomy":"post_tag","embeddable":true,"href":"https:\/\/elcafedepipa.com\/index.php\/wp-json\/wp\/v2\/tags?post=2541"}],"curies":[{"name":"wp","href":"https:\/\/api.w.org\/{rel}","templated":true}]}}