{"id":2536,"date":"2024-07-02T13:51:10","date_gmt":"2024-07-02T11:51:10","guid":{"rendered":"https:\/\/elcafedepipa.com\/?p=2536"},"modified":"2024-07-02T13:51:11","modified_gmt":"2024-07-02T11:51:11","slug":"podcast-nules-presenta-la-programacio-destiu-a-les-platges","status":"publish","type":"post","link":"https:\/\/elcafedepipa.com\/index.php\/2024\/07\/02\/podcast-nules-presenta-la-programacio-destiu-a-les-platges\/","title":{"rendered":"Podcast | Nules presenta la programaci\u00f3 d&#8217;estiu a les platges"},"content":{"rendered":"\n<p><strong>\u00c0UDIO | <\/strong>L&#8217;Ajuntament de Nules ha presentat aquest mat\u00ed tota la programaci\u00f3 que es desenvolupar\u00e0 aquest estiu a les platges, entre la qual destaquen les &#8216;Nits a l&#8217;estany&#8217; i els &#8216;balls a l&#8217;estiu&#8217;. Ens ho conta la regidora de Platges, Maria Jos\u00e9 Esteban, qui tamb\u00e9 ens parla de l&#8217;estat de la platja les Marines i de la bandera reivindicativa de la dignitat que hissaran aquest dijous, a falta de Bandera Blava.<\/p>\n\n\n\n<figure class=\"wp-block-audio\"><audio controls src=\"https:\/\/elcafedepipa.com\/wp-content\/uploads\/2024\/07\/mjesteban2jul.mp3\"><\/audio><\/figure>\n","protected":false},"excerpt":{"rendered":"<p>\u00c0UDIO | L&#8217;Ajuntament de Nules ha presentat aquest mat\u00ed tota la programaci\u00f3 que es desenvolupar\u00e0 aquest estiu a les platges, entre la qual destaquen les &#8216;Nits a l&#8217;estany&#8217; i els &#8216;balls a l&#8217;estiu&#8217;. Ens ho conta la regidora de Platges, Maria Jos\u00e9 Esteban, qui tamb\u00e9 ens parla de l&#8217;estat de la platja les Marines i &#8230; <a title=\"Podcast | Nules presenta la programaci\u00f3 d&#8217;estiu a les platges\" class=\"read-more\" href=\"https:\/\/elcafedepipa.com\/index.php\/2024\/07\/02\/podcast-nules-presenta-la-programacio-destiu-a-les-platges\/\" aria-label=\"M\u00e9s informaci\u00f3 sobre Podcast | Nules presenta la programaci\u00f3 d&#8217;estiu a les platges\">Read more<\/a><\/p>\n","protected":false},"author":2,"featured_media":2549,"comment_status":"closed","ping_status":"closed","sticky":false,"template":"","format":"standard","meta":{"om_disable_all_campaigns":false,"_monsterinsights_skip_tracking":false,"_monsterinsights_sitenote_active":false,"_monsterinsights_sitenote_note":"","_monsterinsights_sitenote_category":0,"_uf_show_specific_survey":0,"_uf_disable_surveys":false,"footnotes":""},"categories":[3],"tags":[],"class_list":["post-2536","post","type-post","status-publish","format-standard","has-post-thumbnail","hentry","category-nules"],"_links":{"self":[{"href":"https:\/\/elcafedepipa.com\/index.php\/wp-json\/wp\/v2\/posts\/2536","targetHints":{"allow":["GET"]}}],"collection":[{"href":"https:\/\/elcafedepipa.com\/index.php\/wp-json\/wp\/v2\/posts"}],"about":[{"href":"https:\/\/elcafedepipa.com\/index.php\/wp-json\/wp\/v2\/types\/post"}],"author":[{"embeddable":true,"href":"https:\/\/elcafedepipa.com\/index.php\/wp-json\/wp\/v2\/users\/2"}],"replies":[{"embeddable":true,"href":"https:\/\/elcafedepipa.com\/index.php\/wp-json\/wp\/v2\/comments?post=2536"}],"version-history":[{"count":0,"href":"https:\/\/elcafedepipa.com\/index.php\/wp-json\/wp\/v2\/posts\/2536\/revisions"}],"wp:featuredmedia":[{"embeddable":true,"href":"https:\/\/elcafedepipa.com\/index.php\/wp-json\/wp\/v2\/media\/2549"}],"wp:attachment":[{"href":"https:\/\/elcafedepipa.com\/index.php\/wp-json\/wp\/v2\/media?parent=2536"}],"wp:term":[{"taxonomy":"category","embeddable":true,"href":"https:\/\/elcafedepipa.com\/index.php\/wp-json\/wp\/v2\/categories?post=2536"},{"taxonomy":"post_tag","embeddable":true,"href":"https:\/\/elcafedepipa.com\/index.php\/wp-json\/wp\/v2\/tags?post=2536"}],"curies":[{"name":"wp","href":"https:\/\/api.w.org\/{rel}","templated":true}]}}