{"id":2521,"date":"2024-07-02T12:08:32","date_gmt":"2024-07-02T10:08:32","guid":{"rendered":"https:\/\/elcafedepipa.com\/?p=2521"},"modified":"2024-07-02T12:08:34","modified_gmt":"2024-07-02T10:08:34","slug":"lajuntament-de-la-vall-duixo-aprova-el-nou-pla-acustic-municipal-per-a-millorar-els-nivells-de-soroll","status":"publish","type":"post","link":"https:\/\/elcafedepipa.com\/index.php\/2024\/07\/02\/lajuntament-de-la-vall-duixo-aprova-el-nou-pla-acustic-municipal-per-a-millorar-els-nivells-de-soroll\/","title":{"rendered":"L&#8217;Ajuntament de la Vall d\u2019Uix\u00f3 aprova el nou Pla Ac\u00fastic Municipal per a millorar els nivells de soroll"},"content":{"rendered":"\n<p><strong>El document proposa mesures per a millorar el benestar de la ciutadania amb la plantaci\u00f3 d&#8217;arbres, instal\u00b7laci\u00f3 de pantalles ac\u00fastiques o foment del transport p\u00fablic<\/strong><\/p>\n\n\n\n<p>L&#8217;Ajuntament de la Vall d\u2019Uix\u00f3 ha aprovat el nou Pla Ac\u00fastic Municipal, que proposa mesures per a millorar els nivells de soroll existents a la ciutat. Per a aix\u00f2, s&#8217;ha realitzat un estudi que analitza la situaci\u00f3 i identifica les fonts que el causen, ja que \u201cels sons forts o repetitius tenen efectes per a la salut, tant per a l\u2019o\u00efda com perqu\u00e8 provoquen alteracions en el son que poden derivar, per exemple, en problemes cardiovasculars o de salut mental\u201d, tal com ha explicat el regidor de Medi Ambient i Transici\u00f3 Ecol\u00f2gica, Marc Seguer.<\/p>\n\n\n\n<p>Per a l&#8217;elaboraci\u00f3 del pla s&#8217;han realitzat mesures sonores en diferents espais i tant en horari di\u00fcrn com nocturn. Aix\u00ed, s&#8217;ha detectat que \u201cse sobrepassen els nivells recomanats en diferents horaris en els entorns d\u2019espais d\u2019\u00fas sanitari i educatiu i tamb\u00e9 en zones residencials\u201d, ha assenyalat Seguer. Per aix\u00f2, el document estableix uns mapes de soroll i proposa mesures preventives i correctores per a reduir la contaminaci\u00f3 ac\u00fastica i \u201cmillorar el benestar de la ciutadania\u201d.<\/p>\n\n\n\n<p>Entre les millores que proposa el pla est\u00e0 la instal\u00b7laci\u00f3 de pantalles ac\u00fastiques en zones cr\u00edtiques, especialment les grans avingudes i circumval\u00b7lacions en entorn urb\u00e0 i les proximitats a l&#8217;autovia i carreteres auton\u00f2miques. Tamb\u00e9 contempla l&#8217;augment de les zones per als vianants i verdes, ja que el tr\u00e0nsit \u00e9s&nbsp;el major causant&nbsp;de soroll i els arbres i la vegetaci\u00f3 absorbeixen la contaminaci\u00f3 ac\u00fastica. Aquesta mesura va en sintonia amb el Pla Municipal de Gesti\u00f3 de l&#8217;Arbratge, presentat tamb\u00e9 el passat mes de mar\u00e7.<\/p>\n\n\n\n<p>Per a reduir el tr\u00e0nsit es fomentar\u00e0 l&#8217;\u00fas del transport p\u00fablic i no motoritzat. Aix\u00ed mateix, es realitzaran campanyes de conscienciaci\u00f3 sobre l&#8217;\u00fas d&#8217;aquestes modalitats de transport (bicicleta, patinet, autob\u00fas urb\u00e0, etc.) i sobre el control de velocitat en el nucli urb\u00e0. I es treballar\u00e0 per a reduir els nivells sonors en els serveis de jardineria i neteja vi\u00e0ria i per a reduir les mol\u00e8sties originades per les tapes de registre.<\/p>\n\n\n\n<p>En mat\u00e8ria urban\u00edstica, s&#8217;incorporaran criteris de qualitat ac\u00fastica en la creaci\u00f3 de noves infraestructures i es vetlar\u00e0 pel compliment del codi t\u00e8cnic de l&#8217;edificaci\u00f3 pel que fa a l&#8217;a\u00efllament ac\u00fastic de les construccions. Finalment, es modificaran les ordenances que mantinguen relaci\u00f3 amb el soroll, de manera que arrepleguen mesures preventives en aquelles activitats que generen nivells alts de contaminaci\u00f3 ac\u00fastica. Aquest nou pla \u00e9s una revisi\u00f3 i actualitzaci\u00f3 de l&#8217;aprovat en 2010 i en aquests anys s&#8217;han detectat millores en la reducci\u00f3, sobretot en les \u00e0rees per als vianants.<\/p>\n","protected":false},"excerpt":{"rendered":"<p>El document proposa mesures per a millorar el benestar de la ciutadania amb la plantaci\u00f3 d&#8217;arbres, instal\u00b7laci\u00f3 de pantalles ac\u00fastiques o foment del transport p\u00fablic L&#8217;Ajuntament de la Vall d\u2019Uix\u00f3 ha aprovat el nou Pla Ac\u00fastic Municipal, que proposa mesures per a millorar els nivells de soroll existents a la ciutat. Per a aix\u00f2, s&#8217;ha &#8230; <a title=\"L&#8217;Ajuntament de la Vall d\u2019Uix\u00f3 aprova el nou Pla Ac\u00fastic Municipal per a millorar els nivells de soroll\" class=\"read-more\" href=\"https:\/\/elcafedepipa.com\/index.php\/2024\/07\/02\/lajuntament-de-la-vall-duixo-aprova-el-nou-pla-acustic-municipal-per-a-millorar-els-nivells-de-soroll\/\" aria-label=\"M\u00e9s informaci\u00f3 sobre L&#8217;Ajuntament de la Vall d\u2019Uix\u00f3 aprova el nou Pla Ac\u00fastic Municipal per a millorar els nivells de soroll\">Read more<\/a><\/p>\n","protected":false},"author":2,"featured_media":2522,"comment_status":"closed","ping_status":"closed","sticky":false,"template":"","format":"standard","meta":{"om_disable_all_campaigns":false,"_monsterinsights_skip_tracking":false,"_monsterinsights_sitenote_active":false,"_monsterinsights_sitenote_note":"","_monsterinsights_sitenote_category":0,"_uf_show_specific_survey":0,"_uf_disable_surveys":false,"footnotes":""},"categories":[2],"tags":[],"class_list":["post-2521","post","type-post","status-publish","format-standard","has-post-thumbnail","hentry","category-lavallduixo"],"_links":{"self":[{"href":"https:\/\/elcafedepipa.com\/index.php\/wp-json\/wp\/v2\/posts\/2521","targetHints":{"allow":["GET"]}}],"collection":[{"href":"https:\/\/elcafedepipa.com\/index.php\/wp-json\/wp\/v2\/posts"}],"about":[{"href":"https:\/\/elcafedepipa.com\/index.php\/wp-json\/wp\/v2\/types\/post"}],"author":[{"embeddable":true,"href":"https:\/\/elcafedepipa.com\/index.php\/wp-json\/wp\/v2\/users\/2"}],"replies":[{"embeddable":true,"href":"https:\/\/elcafedepipa.com\/index.php\/wp-json\/wp\/v2\/comments?post=2521"}],"version-history":[{"count":0,"href":"https:\/\/elcafedepipa.com\/index.php\/wp-json\/wp\/v2\/posts\/2521\/revisions"}],"wp:featuredmedia":[{"embeddable":true,"href":"https:\/\/elcafedepipa.com\/index.php\/wp-json\/wp\/v2\/media\/2522"}],"wp:attachment":[{"href":"https:\/\/elcafedepipa.com\/index.php\/wp-json\/wp\/v2\/media?parent=2521"}],"wp:term":[{"taxonomy":"category","embeddable":true,"href":"https:\/\/elcafedepipa.com\/index.php\/wp-json\/wp\/v2\/categories?post=2521"},{"taxonomy":"post_tag","embeddable":true,"href":"https:\/\/elcafedepipa.com\/index.php\/wp-json\/wp\/v2\/tags?post=2521"}],"curies":[{"name":"wp","href":"https:\/\/api.w.org\/{rel}","templated":true}]}}