{"id":25147,"date":"2026-06-01T14:10:18","date_gmt":"2026-06-01T12:10:18","guid":{"rendered":"https:\/\/elcafedepipa.com\/?p=25147"},"modified":"2026-06-01T14:10:30","modified_gmt":"2026-06-01T12:10:30","slug":"els-populars-de-nules-acusen-cen-dutilitzar-lajuntament-al-servici-dels-seus-interessos-partidistes","status":"publish","type":"post","link":"https:\/\/elcafedepipa.com\/index.php\/2026\/06\/01\/els-populars-de-nules-acusen-cen-dutilitzar-lajuntament-al-servici-dels-seus-interessos-partidistes\/","title":{"rendered":"Els populars de Nules acusen CeN d&#8217;utilitzar l&#8217;Ajuntament al servici dels seus interessos partidistes"},"content":{"rendered":"\n<p class=\"wp-block-paragraph\"><a><\/a>El Partit Popular de Nules ha presentat una sol\u00b7licitud davant el S\u00edndic de Greuges perqu\u00e8 investigue la utilitzaci\u00f3 partidista de depend\u00e8ncies de l&#8217;ajuntament i dels recursos de comunicaci\u00f3 pagats per la instituci\u00f3 i que el CeN ha utilitzat hui amb finalitats estrictament partidistes. \u201cHui hem vist a David Garc\u00eda prendre la paraula com a l\u00edder de CeN al costat dels seus afiliats. I ho ha fet no per a informar els ve\u00efns de la seua gesti\u00f3 com a alcalde, sin\u00f3 per a anunciar la seua dimissi\u00f3 pol\u00edtica en diferit\u201d, ha declarat Miguel \u00c1ngel Mart\u00ednez Mont\u00e9s.<\/p>\n\n\n\n<p class=\"wp-block-paragraph\">El portaveu del PP a Nules, Miguel \u00c1ngel Mart\u00ednez Mont\u00e9s, ha explicat que la iniciativa t\u00e9 com a objectiu \u201cgarantir la neutralitat institucional i evitar que els recursos p\u00fablics s&#8217;utilitzen per a assumptes que pertanyen exclusivament a l&#8217;\u00e0mbit intern d&#8217;un partit pol\u00edtic. \u00c9s inadmissible que s&#8217;utilitzen depend\u00e8ncies i recursos municipals per a comunicar decisions internes d&#8217;un partit pol\u00edtic\u201d.<\/p>\n\n\n\n<p class=\"wp-block-paragraph\">\u201cHui hem vist com David Garc\u00eda compareixia a l&#8217;Ajuntament de Nules no per a informar d&#8217;assumptes relacionats amb la gesti\u00f3 municipal o amb els interessos generals dels ve\u00efns, sin\u00f3 per a comunicar una decisi\u00f3 vinculada a la seua formaci\u00f3 pol\u00edtica. I aix\u00f2 no hauria de fer-se utilitzant una instituci\u00f3 que pertany a tots els ve\u00efns de Nules\u201d, ha manifestat.<\/p>\n\n\n\n<p class=\"wp-block-paragraph\">Mart\u00ednez Mont\u00e9s considera que \u201cs&#8217;ha travessat una l\u00ednia roja\u201d, en utilitzar espais p\u00fablics i recursos institucionals per a difondre q\u00fcestions de car\u00e0cter partidista.<\/p>\n\n\n\n<p class=\"wp-block-paragraph\">Per este motiu, el PP ha sol\u00b7licitat la intervenci\u00f3 del S\u00edndic de Greuges perqu\u00e8 investigue l&#8217;\u00fas inapropiat dels recursos p\u00fablics i perqu\u00e8 es garantisca el respecte als principis de neutralitat institucional. \u201cSi un partit vol fer anuncis interns o comunicar decisions org\u00e0niques, disposa dels seus propis canals i de la seua pr\u00f2pia seu. El que no pot fer \u00e9s utilitzar l&#8217;ajuntament per a q\u00fcestions que res tenen a veure amb la gesti\u00f3 municipal\u201d, ha afegit el portaveu popular.<\/p>\n\n\n\n<p class=\"wp-block-paragraph\"><strong>Protegir l&#8217;Estat de dret<\/strong><\/p>\n\n\n\n<p class=\"wp-block-paragraph\">\u201cLes institucions han d&#8217;estar per damunt de qualsevol inter\u00e9s partidista. Per aix\u00f2 hem acudit al S\u00edndic de Greuges, perqu\u00e8 s&#8217;esclarisquen els fets i es garantisca que situacions com esta no tornen a repetir-se en honor de protegir l&#8217;Estat de dret i la democr\u00e0cia que entre tots ens hem donat\u201d, ha concl\u00f2s Miguel \u00c1ngel Mart\u00ednez Mont\u00e9s.<\/p>\n","protected":false},"excerpt":{"rendered":"<p>El Partit Popular de Nules ha presentat una sol\u00b7licitud davant el S\u00edndic de Greuges perqu\u00e8 investigue la utilitzaci\u00f3 partidista de depend\u00e8ncies de l&#8217;ajuntament i dels recursos de comunicaci\u00f3 pagats per la instituci\u00f3 i que el CeN ha utilitzat hui amb finalitats estrictament partidistes. \u201cHui hem vist a David Garc\u00eda prendre la paraula com a l\u00edder &#8230; <a title=\"Els populars de Nules acusen CeN d&#8217;utilitzar l&#8217;Ajuntament al servici dels seus interessos partidistes\" class=\"read-more\" href=\"https:\/\/elcafedepipa.com\/index.php\/2026\/06\/01\/els-populars-de-nules-acusen-cen-dutilitzar-lajuntament-al-servici-dels-seus-interessos-partidistes\/\" aria-label=\"M\u00e9s informaci\u00f3 sobre Els populars de Nules acusen CeN d&#8217;utilitzar l&#8217;Ajuntament al servici dels seus interessos partidistes\">Read more<\/a><\/p>\n","protected":false},"author":2,"featured_media":25148,"comment_status":"closed","ping_status":"closed","sticky":false,"template":"","format":"standard","meta":{"om_disable_all_campaigns":false,"_monsterinsights_skip_tracking":false,"_uf_show_specific_survey":0,"_uf_disable_surveys":false,"slim_seo":{"title":"Els populars de Nules acusen CeN d'utilitzar l'Ajuntament al servici dels seus interessos partidistes - El caf\u00e9 de Pipa","description":"El Partit Popular de Nules ha presentat una sol\u00b7licitud davant el S\u00edndic de Greuges perqu\u00e8 investigue la utilitzaci\u00f3 partidista de depend\u00e8ncies de l'ajuntament"},"footnotes":""},"categories":[3],"tags":[],"ppma_author":[74],"class_list":["post-25147","post","type-post","status-publish","format-standard","has-post-thumbnail","hentry","category-nules"],"distributor_meta":false,"distributor_terms":false,"distributor_media":false,"distributor_original_site_name":"El caf\u00e9 de Pipa","distributor_original_site_url":"https:\/\/elcafedepipa.com","push-errors":false,"authors":[{"term_id":74,"user_id":2,"is_guest":0,"slug":"radiolavallduixo","display_name":"Vicent Arnau Forner","avatar_url":"https:\/\/secure.gravatar.com\/avatar\/26a27d13d194fc3b4d2a7a933a63466fa1af911ef6eac8a107691f6aeb82d442?s=96&d=mm&r=g","author_category":"","first_name":"ecdp","last_name":"","user_url":"http:\/\/www.elcafedepipa.com","job_title":"","description":""}],"_links":{"self":[{"href":"https:\/\/elcafedepipa.com\/index.php\/wp-json\/wp\/v2\/posts\/25147","targetHints":{"allow":["GET"]}}],"collection":[{"href":"https:\/\/elcafedepipa.com\/index.php\/wp-json\/wp\/v2\/posts"}],"about":[{"href":"https:\/\/elcafedepipa.com\/index.php\/wp-json\/wp\/v2\/types\/post"}],"author":[{"embeddable":true,"href":"https:\/\/elcafedepipa.com\/index.php\/wp-json\/wp\/v2\/users\/2"}],"replies":[{"embeddable":true,"href":"https:\/\/elcafedepipa.com\/index.php\/wp-json\/wp\/v2\/comments?post=25147"}],"version-history":[{"count":1,"href":"https:\/\/elcafedepipa.com\/index.php\/wp-json\/wp\/v2\/posts\/25147\/revisions"}],"predecessor-version":[{"id":25149,"href":"https:\/\/elcafedepipa.com\/index.php\/wp-json\/wp\/v2\/posts\/25147\/revisions\/25149"}],"wp:featuredmedia":[{"embeddable":true,"href":"https:\/\/elcafedepipa.com\/index.php\/wp-json\/wp\/v2\/media\/25148"}],"wp:attachment":[{"href":"https:\/\/elcafedepipa.com\/index.php\/wp-json\/wp\/v2\/media?parent=25147"}],"wp:term":[{"taxonomy":"category","embeddable":true,"href":"https:\/\/elcafedepipa.com\/index.php\/wp-json\/wp\/v2\/categories?post=25147"},{"taxonomy":"post_tag","embeddable":true,"href":"https:\/\/elcafedepipa.com\/index.php\/wp-json\/wp\/v2\/tags?post=25147"},{"taxonomy":"author","embeddable":true,"href":"https:\/\/elcafedepipa.com\/index.php\/wp-json\/wp\/v2\/ppma_author?post=25147"}],"curies":[{"name":"wp","href":"https:\/\/api.w.org\/{rel}","templated":true}]}}