{"id":2514,"date":"2024-07-02T10:28:42","date_gmt":"2024-07-02T08:28:42","guid":{"rendered":"https:\/\/elcafedepipa.com\/?p=2514"},"modified":"2024-07-02T10:28:44","modified_gmt":"2024-07-02T08:28:44","slug":"ultima-crida-per-a-les-proves-dacces-als-graus-superiors-de-lescola-dart-i-superior-de-disseny-de-castello","status":"publish","type":"post","link":"https:\/\/elcafedepipa.com\/index.php\/2024\/07\/02\/ultima-crida-per-a-les-proves-dacces-als-graus-superiors-de-lescola-dart-i-superior-de-disseny-de-castello\/","title":{"rendered":"\u00daltima crida per a les proves d&#8217;acc\u00e9s als Graus Superiors de l\u2019Escola d&#8217;Art i Superior de Disseny de Castell\u00f3"},"content":{"rendered":"\n<p style=\"font-size:24px\"><strong>Les inscripcions estaran obertes\u00a0fins a\u00a0l&#8217;11 de juliol<\/strong><\/p>\n\n\n\n<p>L\u2019Escola d&#8217;Art i Superior de Disseny de Castell\u00f3 llan\u00e7a la seua \u00faltima crida per als interessats a inscriure&#8217;s a les proves espec\u00edfiques dels\u00a0Cicles\u00a0Formatius de Grau Superior, amb data l\u00edmit el pr\u00f2xim 11 de juliol. Els interessats poden obtindre m\u00e9s informaci\u00f3 sobre les matr\u00edcules a la p\u00e0gina web de l&#8217;escola (www.easdcastello.org) o telefonant al 964399445.<\/p>\n\n\n\n<p>La formaci\u00f3 del centre es basa en la creativitat i la innovaci\u00f3. Els\u00a0Ciclos\u00a0Formatius de Grau Superior ofereixen una entrada al m\u00f3n professional de l&#8217;art i el disseny, amb programes com fotografia, gr\u00e0fica publicit\u00e0ria, gr\u00e0fica interactiva, il\u00b7lustraci\u00f3, cer\u00e0mica art\u00edstica, recobriments cer\u00e0mics, projectes de decoraci\u00f3 i arquitectura\u00a0ef\u00edmera. <\/p>\n\n\n\n<p>Els programes disponibles s\u00f3n fotografia, gr\u00e0fica publicit\u00e0ria, gr\u00e0fica interactiva, il\u00b7lustraci\u00f3, cer\u00e0mica art\u00edstica, recobriments cer\u00e0mics, projectes de decoraci\u00f3 i arquitectura ef\u00edmera.<\/p>\n","protected":false},"excerpt":{"rendered":"<p>Les inscripcions estaran obertes\u00a0fins a\u00a0l&#8217;11 de juliol L\u2019Escola d&#8217;Art i Superior de Disseny de Castell\u00f3 llan\u00e7a la seua \u00faltima crida per als interessats a inscriure&#8217;s a les proves espec\u00edfiques dels\u00a0Cicles\u00a0Formatius de Grau Superior, amb data l\u00edmit el pr\u00f2xim 11 de juliol. Els interessats poden obtindre m\u00e9s informaci\u00f3 sobre les matr\u00edcules a la p\u00e0gina web de &#8230; <a title=\"\u00daltima crida per a les proves d&#8217;acc\u00e9s als Graus Superiors de l\u2019Escola d&#8217;Art i Superior de Disseny de Castell\u00f3\" class=\"read-more\" href=\"https:\/\/elcafedepipa.com\/index.php\/2024\/07\/02\/ultima-crida-per-a-les-proves-dacces-als-graus-superiors-de-lescola-dart-i-superior-de-disseny-de-castello\/\" aria-label=\"M\u00e9s informaci\u00f3 sobre \u00daltima crida per a les proves d&#8217;acc\u00e9s als Graus Superiors de l\u2019Escola d&#8217;Art i Superior de Disseny de Castell\u00f3\">Read more<\/a><\/p>\n","protected":false},"author":2,"featured_media":2516,"comment_status":"closed","ping_status":"closed","sticky":false,"template":"","format":"standard","meta":{"om_disable_all_campaigns":false,"_monsterinsights_skip_tracking":false,"_monsterinsights_sitenote_active":false,"_monsterinsights_sitenote_note":"","_monsterinsights_sitenote_category":0,"_uf_show_specific_survey":0,"_uf_disable_surveys":false,"footnotes":""},"categories":[10],"tags":[],"class_list":["post-2514","post","type-post","status-publish","format-standard","has-post-thumbnail","hentry","category-provinciadecastello"],"_links":{"self":[{"href":"https:\/\/elcafedepipa.com\/index.php\/wp-json\/wp\/v2\/posts\/2514","targetHints":{"allow":["GET"]}}],"collection":[{"href":"https:\/\/elcafedepipa.com\/index.php\/wp-json\/wp\/v2\/posts"}],"about":[{"href":"https:\/\/elcafedepipa.com\/index.php\/wp-json\/wp\/v2\/types\/post"}],"author":[{"embeddable":true,"href":"https:\/\/elcafedepipa.com\/index.php\/wp-json\/wp\/v2\/users\/2"}],"replies":[{"embeddable":true,"href":"https:\/\/elcafedepipa.com\/index.php\/wp-json\/wp\/v2\/comments?post=2514"}],"version-history":[{"count":0,"href":"https:\/\/elcafedepipa.com\/index.php\/wp-json\/wp\/v2\/posts\/2514\/revisions"}],"wp:featuredmedia":[{"embeddable":true,"href":"https:\/\/elcafedepipa.com\/index.php\/wp-json\/wp\/v2\/media\/2516"}],"wp:attachment":[{"href":"https:\/\/elcafedepipa.com\/index.php\/wp-json\/wp\/v2\/media?parent=2514"}],"wp:term":[{"taxonomy":"category","embeddable":true,"href":"https:\/\/elcafedepipa.com\/index.php\/wp-json\/wp\/v2\/categories?post=2514"},{"taxonomy":"post_tag","embeddable":true,"href":"https:\/\/elcafedepipa.com\/index.php\/wp-json\/wp\/v2\/tags?post=2514"}],"curies":[{"name":"wp","href":"https:\/\/api.w.org\/{rel}","templated":true}]}}