{"id":2509,"date":"2024-07-02T09:59:05","date_gmt":"2024-07-02T07:59:05","guid":{"rendered":"https:\/\/elcafedepipa.com\/?p=2509"},"modified":"2024-07-02T10:00:15","modified_gmt":"2024-07-02T08:00:15","slug":"nules-presenta-les-seues-representants-festives-per-a-2024","status":"publish","type":"post","link":"https:\/\/elcafedepipa.com\/index.php\/2024\/07\/02\/nules-presenta-les-seues-representants-festives-per-a-2024\/","title":{"rendered":"Nules presenta les seues representants festives per a 2024"},"content":{"rendered":"\n<p style=\"font-size:24px\"><strong>La Proclamaci\u00f3 tindr\u00e0 lloc el dijous a la Biblioteca Municipal<\/strong><\/p>\n\n\n\n<p>Nules ja t\u00e9 les seues representants festives per a l\u2019any 2024. Nora Cano&nbsp;Mendo&nbsp;ser\u00e0 la nova Reina de la Vila, acompanyada per les dames de la Cort d\u2019Honor, Erika&nbsp;Ru\u00edz&nbsp;Mart\u00ednez, dama del barri de Sant&nbsp;Xotxim, i Ana\u00efs&nbsp;Naval\u00f3n&nbsp;Esbr\u00ed, Musa de la M\u00fasica.<\/p>\n\n\n\n<p>Dijous es celebrar\u00e0 l\u2019acte de Proclamaci\u00f3 a la sala d\u2019exposicions de la Biblioteca Municipal Jos\u00e9&nbsp;Vicente&nbsp;Felip&nbsp;Monlle\u00f3, on les noves festeres seran rebudes per l&#8217;alcalde de Nules, David&nbsp;Garc\u00eda, la regidora de Festes, Blanca Silvestre, i altres membres de la Corporaci\u00f3 Municipal. L\u2019acte oficial de presentaci\u00f3 tindr\u00e0 lloc el 27 de juliol al Teatre&nbsp;Alc\u00e1zar.<\/p>\n\n\n\n<p>Aquest acte tamb\u00e9 servir\u00e0 per a acomiadar Paula Bruno, Reina de la Vila 2023, qui ha representat Nules durant l\u2019\u00faltim any.<\/p>\n\n\n\n<p>La regidora de Festes, Blanca Silvestre, ha destacat: &#8220;Estem treballant amb molta il\u00b7lusi\u00f3 perqu\u00e8 aquests actes tinguen\u00a0tota la esplendor\u00a0que requereixen. Les noves representants seran protagonistes tant d\u2019aquests esdeveniments com de les festes patronals d\u2019agost i octubre&#8221;.<\/p>\n","protected":false},"excerpt":{"rendered":"<p>La Proclamaci\u00f3 tindr\u00e0 lloc el dijous a la Biblioteca Municipal Nules ja t\u00e9 les seues representants festives per a l\u2019any 2024. Nora Cano&nbsp;Mendo&nbsp;ser\u00e0 la nova Reina de la Vila, acompanyada per les dames de la Cort d\u2019Honor, Erika&nbsp;Ru\u00edz&nbsp;Mart\u00ednez, dama del barri de Sant&nbsp;Xotxim, i Ana\u00efs&nbsp;Naval\u00f3n&nbsp;Esbr\u00ed, Musa de la M\u00fasica. Dijous es celebrar\u00e0 l\u2019acte de Proclamaci\u00f3 &#8230; <a title=\"Nules presenta les seues representants festives per a 2024\" class=\"read-more\" href=\"https:\/\/elcafedepipa.com\/index.php\/2024\/07\/02\/nules-presenta-les-seues-representants-festives-per-a-2024\/\" aria-label=\"M\u00e9s informaci\u00f3 sobre Nules presenta les seues representants festives per a 2024\">Read more<\/a><\/p>\n","protected":false},"author":2,"featured_media":2510,"comment_status":"closed","ping_status":"closed","sticky":false,"template":"","format":"standard","meta":{"om_disable_all_campaigns":false,"_monsterinsights_skip_tracking":false,"_monsterinsights_sitenote_active":false,"_monsterinsights_sitenote_note":"","_monsterinsights_sitenote_category":0,"_uf_show_specific_survey":0,"_uf_disable_surveys":false,"footnotes":""},"categories":[3],"tags":[],"class_list":["post-2509","post","type-post","status-publish","format-standard","has-post-thumbnail","hentry","category-nules"],"_links":{"self":[{"href":"https:\/\/elcafedepipa.com\/index.php\/wp-json\/wp\/v2\/posts\/2509","targetHints":{"allow":["GET"]}}],"collection":[{"href":"https:\/\/elcafedepipa.com\/index.php\/wp-json\/wp\/v2\/posts"}],"about":[{"href":"https:\/\/elcafedepipa.com\/index.php\/wp-json\/wp\/v2\/types\/post"}],"author":[{"embeddable":true,"href":"https:\/\/elcafedepipa.com\/index.php\/wp-json\/wp\/v2\/users\/2"}],"replies":[{"embeddable":true,"href":"https:\/\/elcafedepipa.com\/index.php\/wp-json\/wp\/v2\/comments?post=2509"}],"version-history":[{"count":0,"href":"https:\/\/elcafedepipa.com\/index.php\/wp-json\/wp\/v2\/posts\/2509\/revisions"}],"wp:featuredmedia":[{"embeddable":true,"href":"https:\/\/elcafedepipa.com\/index.php\/wp-json\/wp\/v2\/media\/2510"}],"wp:attachment":[{"href":"https:\/\/elcafedepipa.com\/index.php\/wp-json\/wp\/v2\/media?parent=2509"}],"wp:term":[{"taxonomy":"category","embeddable":true,"href":"https:\/\/elcafedepipa.com\/index.php\/wp-json\/wp\/v2\/categories?post=2509"},{"taxonomy":"post_tag","embeddable":true,"href":"https:\/\/elcafedepipa.com\/index.php\/wp-json\/wp\/v2\/tags?post=2509"}],"curies":[{"name":"wp","href":"https:\/\/api.w.org\/{rel}","templated":true}]}}