{"id":2479,"date":"2024-07-01T14:00:00","date_gmt":"2024-07-01T12:00:00","guid":{"rendered":"https:\/\/elcafedepipa.com\/?p=2479"},"modified":"2024-07-01T14:06:14","modified_gmt":"2024-07-01T12:06:14","slug":"espais-de-families-dilluns-1-de-juliol-2024","status":"publish","type":"post","link":"https:\/\/elcafedepipa.com\/index.php\/2024\/07\/01\/espais-de-families-dilluns-1-de-juliol-2024\/","title":{"rendered":"Podcast | Espais de fam\u00edlies (dilluns 1 de juliol 2024)"},"content":{"rendered":"\n<p><strong>\u00c0UDIO | <\/strong>Rosa de la Rosa i Yoana Monzon\u00eds tanquen temporada d&#8217;Espais de fam\u00edlies, destacant les q\u00fcestions principals que han anat tractant en els programes. Tamb\u00e9 ens parlen dels canvis que porten les vacances d&#8217;estiu en l&#8217;entorn familiar. <\/p>\n\n\n\n<figure class=\"wp-block-audio\"><audio controls src=\"https:\/\/elcafedepipa.com\/wp-content\/uploads\/2024\/07\/families1juliol.mp3\"><\/audio><\/figure>\n","protected":false},"excerpt":{"rendered":"<p>\u00c0UDIO | Rosa de la Rosa i Yoana Monzon\u00eds tanquen temporada d&#8217;Espais de fam\u00edlies, destacant les q\u00fcestions principals que han anat tractant en els programes. Tamb\u00e9 ens parlen dels canvis que porten les vacances d&#8217;estiu en l&#8217;entorn familiar.<\/p>\n","protected":false},"author":2,"featured_media":2481,"comment_status":"closed","ping_status":"closed","sticky":false,"template":"","format":"standard","meta":{"om_disable_all_campaigns":false,"_monsterinsights_skip_tracking":false,"_monsterinsights_sitenote_active":false,"_monsterinsights_sitenote_note":"","_monsterinsights_sitenote_category":0,"_uf_show_specific_survey":0,"_uf_disable_surveys":false,"footnotes":""},"categories":[2],"tags":[],"class_list":["post-2479","post","type-post","status-publish","format-standard","has-post-thumbnail","hentry","category-lavallduixo"],"_links":{"self":[{"href":"https:\/\/elcafedepipa.com\/index.php\/wp-json\/wp\/v2\/posts\/2479","targetHints":{"allow":["GET"]}}],"collection":[{"href":"https:\/\/elcafedepipa.com\/index.php\/wp-json\/wp\/v2\/posts"}],"about":[{"href":"https:\/\/elcafedepipa.com\/index.php\/wp-json\/wp\/v2\/types\/post"}],"author":[{"embeddable":true,"href":"https:\/\/elcafedepipa.com\/index.php\/wp-json\/wp\/v2\/users\/2"}],"replies":[{"embeddable":true,"href":"https:\/\/elcafedepipa.com\/index.php\/wp-json\/wp\/v2\/comments?post=2479"}],"version-history":[{"count":0,"href":"https:\/\/elcafedepipa.com\/index.php\/wp-json\/wp\/v2\/posts\/2479\/revisions"}],"wp:featuredmedia":[{"embeddable":true,"href":"https:\/\/elcafedepipa.com\/index.php\/wp-json\/wp\/v2\/media\/2481"}],"wp:attachment":[{"href":"https:\/\/elcafedepipa.com\/index.php\/wp-json\/wp\/v2\/media?parent=2479"}],"wp:term":[{"taxonomy":"category","embeddable":true,"href":"https:\/\/elcafedepipa.com\/index.php\/wp-json\/wp\/v2\/categories?post=2479"},{"taxonomy":"post_tag","embeddable":true,"href":"https:\/\/elcafedepipa.com\/index.php\/wp-json\/wp\/v2\/tags?post=2479"}],"curies":[{"name":"wp","href":"https:\/\/api.w.org\/{rel}","templated":true}]}}