{"id":2476,"date":"2024-07-01T12:01:30","date_gmt":"2024-07-01T10:01:30","guid":{"rendered":"https:\/\/elcafedepipa.com\/?p=2476"},"modified":"2024-07-01T12:01:31","modified_gmt":"2024-07-01T10:01:31","slug":"arranca-el-cicle-destiu-de-nits-dhistories-i-historietes","status":"publish","type":"post","link":"https:\/\/elcafedepipa.com\/index.php\/2024\/07\/01\/arranca-el-cicle-destiu-de-nits-dhistories-i-historietes\/","title":{"rendered":"Arranca el cicle d&#8217;estiu de &#8216;Nits d&#8217;hist\u00f2ries i historietes&#8217;"},"content":{"rendered":"\n<p>La Regidoria de Turisme de la Vall d&#8217;Uix\u00f3 arranca el cicle d&#8217;estiu &#8216;Nits d&#8217;hist\u00f2ries i historietes&#8217; per a saber m\u00e9s sobre la ciutat i el seu patrimoni. La programaci\u00f3 comen\u00e7a el 6 de juliol amb una passejada guiada per a con\u00e9ixer la hist\u00f2ria de la F\u00e0brica Segarra i del moviment obrer a la Vall.\u00a0Visites guiades gratu\u00eftes amb inscripci\u00f3 pr\u00e8via a partir de l&#8217;1 de juliol en el tel\u00e8fon 964660785.<\/p>\n","protected":false},"excerpt":{"rendered":"<p>La Regidoria de Turisme de la Vall d&#8217;Uix\u00f3 arranca el cicle d&#8217;estiu &#8216;Nits d&#8217;hist\u00f2ries i historietes&#8217; per a saber m\u00e9s sobre la ciutat i el seu patrimoni. La programaci\u00f3 comen\u00e7a el 6 de juliol amb una passejada guiada per a con\u00e9ixer la hist\u00f2ria de la F\u00e0brica Segarra i del moviment obrer a la Vall.\u00a0Visites guiades &#8230; <a title=\"Arranca el cicle d&#8217;estiu de &#8216;Nits d&#8217;hist\u00f2ries i historietes&#8217;\" class=\"read-more\" href=\"https:\/\/elcafedepipa.com\/index.php\/2024\/07\/01\/arranca-el-cicle-destiu-de-nits-dhistories-i-historietes\/\" aria-label=\"M\u00e9s informaci\u00f3 sobre Arranca el cicle d&#8217;estiu de &#8216;Nits d&#8217;hist\u00f2ries i historietes&#8217;\">Read more<\/a><\/p>\n","protected":false},"author":2,"featured_media":2477,"comment_status":"closed","ping_status":"closed","sticky":false,"template":"","format":"standard","meta":{"om_disable_all_campaigns":false,"_monsterinsights_skip_tracking":false,"_monsterinsights_sitenote_active":false,"_monsterinsights_sitenote_note":"","_monsterinsights_sitenote_category":0,"_uf_show_specific_survey":0,"_uf_disable_surveys":false,"footnotes":""},"categories":[2],"tags":[],"class_list":["post-2476","post","type-post","status-publish","format-standard","has-post-thumbnail","hentry","category-lavallduixo"],"_links":{"self":[{"href":"https:\/\/elcafedepipa.com\/index.php\/wp-json\/wp\/v2\/posts\/2476","targetHints":{"allow":["GET"]}}],"collection":[{"href":"https:\/\/elcafedepipa.com\/index.php\/wp-json\/wp\/v2\/posts"}],"about":[{"href":"https:\/\/elcafedepipa.com\/index.php\/wp-json\/wp\/v2\/types\/post"}],"author":[{"embeddable":true,"href":"https:\/\/elcafedepipa.com\/index.php\/wp-json\/wp\/v2\/users\/2"}],"replies":[{"embeddable":true,"href":"https:\/\/elcafedepipa.com\/index.php\/wp-json\/wp\/v2\/comments?post=2476"}],"version-history":[{"count":0,"href":"https:\/\/elcafedepipa.com\/index.php\/wp-json\/wp\/v2\/posts\/2476\/revisions"}],"wp:featuredmedia":[{"embeddable":true,"href":"https:\/\/elcafedepipa.com\/index.php\/wp-json\/wp\/v2\/media\/2477"}],"wp:attachment":[{"href":"https:\/\/elcafedepipa.com\/index.php\/wp-json\/wp\/v2\/media?parent=2476"}],"wp:term":[{"taxonomy":"category","embeddable":true,"href":"https:\/\/elcafedepipa.com\/index.php\/wp-json\/wp\/v2\/categories?post=2476"},{"taxonomy":"post_tag","embeddable":true,"href":"https:\/\/elcafedepipa.com\/index.php\/wp-json\/wp\/v2\/tags?post=2476"}],"curies":[{"name":"wp","href":"https:\/\/api.w.org\/{rel}","templated":true}]}}