{"id":2470,"date":"2024-07-01T10:00:37","date_gmt":"2024-07-01T08:00:37","guid":{"rendered":"https:\/\/elcafedepipa.com\/?p=2470"},"modified":"2024-07-01T10:00:38","modified_gmt":"2024-07-01T08:00:38","slug":"la-diputacio-de-castello-impulsa-la-conciliacio-familiar-amb-ajudes-per-a-la-escola-matinera-en-77-municipis-de-menys-de-10-000-habitants","status":"publish","type":"post","link":"https:\/\/elcafedepipa.com\/index.php\/2024\/07\/01\/la-diputacio-de-castello-impulsa-la-conciliacio-familiar-amb-ajudes-per-a-la-escola-matinera-en-77-municipis-de-menys-de-10-000-habitants\/","title":{"rendered":"La Diputaci\u00f3 de Castell\u00f3 impulsa la conciliaci\u00f3 familiar amb ajudes per a la Escola Matinera en 77 municipis de menys de 10.000 habitants"},"content":{"rendered":"\n<p style=\"font-size:24px\"><strong>La instituci\u00f3 provincial aprova la concessi\u00f3 de m\u00e9s de 575.000 euros per al finan\u00e7ament d&#8217;este servei per al present any 2024<\/strong><\/p>\n\n\n\n<p>La Diputaci\u00f3 Provincial de Castell\u00f3 ha aprovat una inversi\u00f3 de m\u00e9s de 575.000 euros per a 2024, destinada a finan\u00e7ar l&#8217;Escola Matinera en 77 municipis amb menys de 10.000 habitants. Aquest servei ofereix atenci\u00f3 infantil per a xiquets d&#8217;entre 3 i 12 anys abans de l&#8217;inici de les classes, facilitant la conciliaci\u00f3 familiar i laboral, segons ha explicat la presidenta de la Diputaci\u00f3, Marta\u00a0Barrachina.<\/p>\n\n\n\n<p>L&#8217;objectiu \u00e9s subvencionar l&#8217;ampliaci\u00f3 d&#8217;horaris en els centres educatius, permetent als pares deixar als seus fills en el col\u00b7legi abans d&#8217;anar a treballar. Aquesta mesura beneficia especialment als xicotets municipis que enfronten majors dificultats per a conciliar la vida laboral i familiar, ha destacat&nbsp;Barrachina.<\/p>\n\n\n\n<p>La diputada de Benestar Social, Marisa&nbsp;Torl\u00e0, ha afegit que l&#8217;Escola Matinera \u00e9s un servei essencial que s&#8217;ha est\u00e9s en m\u00e9s centres p\u00fablics de la prov\u00edncia i que continuaran treballant per a augmentar el nombre de localitats amb aquest servei. La iniciativa forma part del pressupost 2024 de la Diputaci\u00f3, centrat en l&#8217;atenci\u00f3 directa a les persones i la creaci\u00f3 d&#8217;igualtat i progr\u00e9s a la prov\u00edncia.<\/p>\n","protected":false},"excerpt":{"rendered":"<p>La instituci\u00f3 provincial aprova la concessi\u00f3 de m\u00e9s de 575.000 euros per al finan\u00e7ament d&#8217;este servei per al present any 2024 La Diputaci\u00f3 Provincial de Castell\u00f3 ha aprovat una inversi\u00f3 de m\u00e9s de 575.000 euros per a 2024, destinada a finan\u00e7ar l&#8217;Escola Matinera en 77 municipis amb menys de 10.000 habitants. Aquest servei ofereix atenci\u00f3 &#8230; <a title=\"La Diputaci\u00f3 de Castell\u00f3 impulsa la conciliaci\u00f3 familiar amb ajudes per a la Escola Matinera en 77 municipis de menys de 10.000 habitants\" class=\"read-more\" href=\"https:\/\/elcafedepipa.com\/index.php\/2024\/07\/01\/la-diputacio-de-castello-impulsa-la-conciliacio-familiar-amb-ajudes-per-a-la-escola-matinera-en-77-municipis-de-menys-de-10-000-habitants\/\" aria-label=\"M\u00e9s informaci\u00f3 sobre La Diputaci\u00f3 de Castell\u00f3 impulsa la conciliaci\u00f3 familiar amb ajudes per a la Escola Matinera en 77 municipis de menys de 10.000 habitants\">Read more<\/a><\/p>\n","protected":false},"author":2,"featured_media":2471,"comment_status":"closed","ping_status":"closed","sticky":false,"template":"","format":"standard","meta":{"om_disable_all_campaigns":false,"_monsterinsights_skip_tracking":false,"_monsterinsights_sitenote_active":false,"_monsterinsights_sitenote_note":"","_monsterinsights_sitenote_category":0,"_uf_show_specific_survey":0,"_uf_disable_surveys":false,"footnotes":""},"categories":[10],"tags":[],"class_list":["post-2470","post","type-post","status-publish","format-standard","has-post-thumbnail","hentry","category-provinciadecastello"],"_links":{"self":[{"href":"https:\/\/elcafedepipa.com\/index.php\/wp-json\/wp\/v2\/posts\/2470","targetHints":{"allow":["GET"]}}],"collection":[{"href":"https:\/\/elcafedepipa.com\/index.php\/wp-json\/wp\/v2\/posts"}],"about":[{"href":"https:\/\/elcafedepipa.com\/index.php\/wp-json\/wp\/v2\/types\/post"}],"author":[{"embeddable":true,"href":"https:\/\/elcafedepipa.com\/index.php\/wp-json\/wp\/v2\/users\/2"}],"replies":[{"embeddable":true,"href":"https:\/\/elcafedepipa.com\/index.php\/wp-json\/wp\/v2\/comments?post=2470"}],"version-history":[{"count":0,"href":"https:\/\/elcafedepipa.com\/index.php\/wp-json\/wp\/v2\/posts\/2470\/revisions"}],"wp:featuredmedia":[{"embeddable":true,"href":"https:\/\/elcafedepipa.com\/index.php\/wp-json\/wp\/v2\/media\/2471"}],"wp:attachment":[{"href":"https:\/\/elcafedepipa.com\/index.php\/wp-json\/wp\/v2\/media?parent=2470"}],"wp:term":[{"taxonomy":"category","embeddable":true,"href":"https:\/\/elcafedepipa.com\/index.php\/wp-json\/wp\/v2\/categories?post=2470"},{"taxonomy":"post_tag","embeddable":true,"href":"https:\/\/elcafedepipa.com\/index.php\/wp-json\/wp\/v2\/tags?post=2470"}],"curies":[{"name":"wp","href":"https:\/\/api.w.org\/{rel}","templated":true}]}}