{"id":24693,"date":"2026-05-26T08:53:15","date_gmt":"2026-05-26T06:53:15","guid":{"rendered":"https:\/\/elcafedepipa.com\/?p=24693"},"modified":"2026-05-26T08:53:25","modified_gmt":"2026-05-26T06:53:25","slug":"moncofa-posa-a-punt-les-platges-per-a-linici-de-la-temporada-destiu","status":"publish","type":"post","link":"https:\/\/elcafedepipa.com\/index.php\/2026\/05\/26\/moncofa-posa-a-punt-les-platges-per-a-linici-de-la-temporada-destiu\/","title":{"rendered":"Moncofa posa a punt les platges per a l\u2019inici de la temporada d\u2019estiu"},"content":{"rendered":"\n<p class=\"wp-block-paragraph\">L&#8217;Ajuntament de Moncofa ha iniciat els treballs de condicionament de les seues platges amb l&#8217;objectiu que el litoral estiga preparat per a l&#8217;inici de la temporada d&#8217;estiu i puga oferir les millors condicions d&#8217;\u00fas, accessibilitat i seguretat a ve\u00efns, ve\u00efnes i visitants.<\/p>\n\n\n\n<p class=\"wp-block-paragraph\">La Regidoria de Platges, que dirigeix Francisco Alemany, est\u00e0 coordinant aquests dies les tasques de posada a punt del litoral, amb actuacions de neteja, anivellaci\u00f3 i adequaci\u00f3. Actuacions que tindran continu\u00eftat amb la instal\u00b7laci\u00f3 de passarel\u00b7les, pals, dutxes i altres elements necessaris per a la temporada estival, a m\u00e9s del servei de socorrisme i el refor\u00e7 de la seguretat.<\/p>\n\n\n\n<p class=\"wp-block-paragraph\">Els treballs es desenvolupen al llarg dels sis quil\u00f2metres de front litoral de Moncofa. \u201c\u00c9s un treball continu, que suposa un esfor\u00e7 molt important per a l&#8217;Ajuntament i que reforcem encara m\u00e9s quan s&#8217;acosta la temporada alta. Moncofa viu molt de cara al mar i cuidar les platges \u00e9s cuidar un dels nostres principals recursos\u201d, ha assenyalat Alemany, que ha afegit que \u201cel treball no acaba amb la posada a punt inicial, sin\u00f3 que continua durant tot<\/p>\n\n\n\n<p class=\"wp-block-paragraph\">l&#8217;estiu amb el manteniment, la neteja i l&#8217;atenci\u00f3 a les necessitats que vagen sorgint\u201d.<\/p>\n\n\n\n<p class=\"wp-block-paragraph\">La previsi\u00f3 municipal \u00e9s completar aquesta primera fase de condicionament en les pr\u00f2ximes setmanes i continuar incorporant els serveis de forma progressiva a mesura que s&#8217;acoste l&#8217;inici de la temporada, a mitjan juny.<\/p>\n","protected":false},"excerpt":{"rendered":"<p>L&#8217;Ajuntament de Moncofa ha iniciat els treballs de condicionament de les seues platges amb l&#8217;objectiu que el litoral estiga preparat per a l&#8217;inici de la temporada d&#8217;estiu i puga oferir les millors condicions d&#8217;\u00fas, accessibilitat i seguretat a ve\u00efns, ve\u00efnes i visitants. La Regidoria de Platges, que dirigeix Francisco Alemany, est\u00e0 coordinant aquests dies les &#8230; <a title=\"Moncofa posa a punt les platges per a l\u2019inici de la temporada d\u2019estiu\" class=\"read-more\" href=\"https:\/\/elcafedepipa.com\/index.php\/2026\/05\/26\/moncofa-posa-a-punt-les-platges-per-a-linici-de-la-temporada-destiu\/\" aria-label=\"M\u00e9s informaci\u00f3 sobre Moncofa posa a punt les platges per a l\u2019inici de la temporada d\u2019estiu\">Read more<\/a><\/p>\n","protected":false},"author":2,"featured_media":24694,"comment_status":"closed","ping_status":"closed","sticky":false,"template":"","format":"standard","meta":{"om_disable_all_campaigns":false,"_monsterinsights_skip_tracking":false,"_uf_show_specific_survey":0,"_uf_disable_surveys":false,"slim_seo":{"title":"Moncofa posa a punt les platges per a l\u2019inici de la temporada d\u2019estiu - El caf\u00e9 de Pipa","description":"L'Ajuntament de Moncofa ha iniciat els treballs de condicionament de les seues platges amb l'objectiu que el litoral estiga preparat per a l'inici de la tempora"},"footnotes":""},"categories":[34],"tags":[],"ppma_author":[74],"class_list":["post-24693","post","type-post","status-publish","format-standard","has-post-thumbnail","hentry","category-podcast"],"distributor_meta":false,"distributor_terms":false,"distributor_media":false,"distributor_original_site_name":"El caf\u00e9 de Pipa","distributor_original_site_url":"https:\/\/elcafedepipa.com","push-errors":false,"authors":[{"term_id":74,"user_id":2,"is_guest":0,"slug":"radiolavallduixo","display_name":"Vicent Arnau Forner","avatar_url":"https:\/\/secure.gravatar.com\/avatar\/26a27d13d194fc3b4d2a7a933a63466fa1af911ef6eac8a107691f6aeb82d442?s=96&d=mm&r=g","author_category":"","first_name":"ecdp","last_name":"","user_url":"http:\/\/www.elcafedepipa.com","job_title":"","description":""}],"_links":{"self":[{"href":"https:\/\/elcafedepipa.com\/index.php\/wp-json\/wp\/v2\/posts\/24693","targetHints":{"allow":["GET"]}}],"collection":[{"href":"https:\/\/elcafedepipa.com\/index.php\/wp-json\/wp\/v2\/posts"}],"about":[{"href":"https:\/\/elcafedepipa.com\/index.php\/wp-json\/wp\/v2\/types\/post"}],"author":[{"embeddable":true,"href":"https:\/\/elcafedepipa.com\/index.php\/wp-json\/wp\/v2\/users\/2"}],"replies":[{"embeddable":true,"href":"https:\/\/elcafedepipa.com\/index.php\/wp-json\/wp\/v2\/comments?post=24693"}],"version-history":[{"count":1,"href":"https:\/\/elcafedepipa.com\/index.php\/wp-json\/wp\/v2\/posts\/24693\/revisions"}],"predecessor-version":[{"id":24695,"href":"https:\/\/elcafedepipa.com\/index.php\/wp-json\/wp\/v2\/posts\/24693\/revisions\/24695"}],"wp:featuredmedia":[{"embeddable":true,"href":"https:\/\/elcafedepipa.com\/index.php\/wp-json\/wp\/v2\/media\/24694"}],"wp:attachment":[{"href":"https:\/\/elcafedepipa.com\/index.php\/wp-json\/wp\/v2\/media?parent=24693"}],"wp:term":[{"taxonomy":"category","embeddable":true,"href":"https:\/\/elcafedepipa.com\/index.php\/wp-json\/wp\/v2\/categories?post=24693"},{"taxonomy":"post_tag","embeddable":true,"href":"https:\/\/elcafedepipa.com\/index.php\/wp-json\/wp\/v2\/tags?post=24693"},{"taxonomy":"author","embeddable":true,"href":"https:\/\/elcafedepipa.com\/index.php\/wp-json\/wp\/v2\/ppma_author?post=24693"}],"curies":[{"name":"wp","href":"https:\/\/api.w.org\/{rel}","templated":true}]}}