{"id":2449,"date":"2024-06-28T14:00:00","date_gmt":"2024-06-28T12:00:00","guid":{"rendered":"https:\/\/elcafedepipa.com\/?p=2449"},"modified":"2024-06-28T13:46:17","modified_gmt":"2024-06-28T11:46:17","slug":"podcast-la-tertulia-divendres-28-de-juny-2024","status":"publish","type":"post","link":"https:\/\/elcafedepipa.com\/index.php\/2024\/06\/28\/podcast-la-tertulia-divendres-28-de-juny-2024\/","title":{"rendered":"Podcast | La tert\u00falia (divendres 28 de juny 2024)"},"content":{"rendered":"\n<p><strong>\u00c0UDIO |<\/strong> Tanquem setmana amb la tert\u00falia que repassa all\u00f2 m\u00e9s destacat de l&#8217;actualitat. Hui amb Israel Mart\u00ednez en lloc de Vicent Aparici, i tamb\u00e9 amb la pres\u00e8ncia en l&#8217;estudi de Rafa Orenga junt a Josep Tur. D&#8217;entre els temes tractats, la renovaci\u00f3 del CGPJ i el projecte del Parc de l&#8217;aigua de la Vall.<\/p>\n\n\n\n<figure class=\"wp-block-audio\"><audio controls src=\"https:\/\/elcafedepipa.com\/wp-content\/uploads\/2024\/06\/tertulia28juny.mp3\"><\/audio><\/figure>\n","protected":false},"excerpt":{"rendered":"<p>\u00c0UDIO | Tanquem setmana amb la tert\u00falia que repassa all\u00f2 m\u00e9s destacat de l&#8217;actualitat. Hui amb Israel Mart\u00ednez en lloc de Vicent Aparici, i tamb\u00e9 amb la pres\u00e8ncia en l&#8217;estudi de Rafa Orenga junt a Josep Tur. D&#8217;entre els temes tractats, la renovaci\u00f3 del CGPJ i el projecte del Parc de l&#8217;aigua de la Vall.<\/p>\n","protected":false},"author":2,"featured_media":2451,"comment_status":"closed","ping_status":"closed","sticky":false,"template":"","format":"standard","meta":{"om_disable_all_campaigns":false,"_monsterinsights_skip_tracking":false,"_monsterinsights_sitenote_active":false,"_monsterinsights_sitenote_note":"","_monsterinsights_sitenote_category":0,"_uf_show_specific_survey":0,"_uf_disable_surveys":false,"footnotes":""},"categories":[2],"tags":[],"class_list":["post-2449","post","type-post","status-publish","format-standard","has-post-thumbnail","hentry","category-lavallduixo"],"_links":{"self":[{"href":"https:\/\/elcafedepipa.com\/index.php\/wp-json\/wp\/v2\/posts\/2449","targetHints":{"allow":["GET"]}}],"collection":[{"href":"https:\/\/elcafedepipa.com\/index.php\/wp-json\/wp\/v2\/posts"}],"about":[{"href":"https:\/\/elcafedepipa.com\/index.php\/wp-json\/wp\/v2\/types\/post"}],"author":[{"embeddable":true,"href":"https:\/\/elcafedepipa.com\/index.php\/wp-json\/wp\/v2\/users\/2"}],"replies":[{"embeddable":true,"href":"https:\/\/elcafedepipa.com\/index.php\/wp-json\/wp\/v2\/comments?post=2449"}],"version-history":[{"count":0,"href":"https:\/\/elcafedepipa.com\/index.php\/wp-json\/wp\/v2\/posts\/2449\/revisions"}],"wp:featuredmedia":[{"embeddable":true,"href":"https:\/\/elcafedepipa.com\/index.php\/wp-json\/wp\/v2\/media\/2451"}],"wp:attachment":[{"href":"https:\/\/elcafedepipa.com\/index.php\/wp-json\/wp\/v2\/media?parent=2449"}],"wp:term":[{"taxonomy":"category","embeddable":true,"href":"https:\/\/elcafedepipa.com\/index.php\/wp-json\/wp\/v2\/categories?post=2449"},{"taxonomy":"post_tag","embeddable":true,"href":"https:\/\/elcafedepipa.com\/index.php\/wp-json\/wp\/v2\/tags?post=2449"}],"curies":[{"name":"wp","href":"https:\/\/api.w.org\/{rel}","templated":true}]}}