{"id":2419,"date":"2024-06-28T09:51:24","date_gmt":"2024-06-28T07:51:24","guid":{"rendered":"https:\/\/elcafedepipa.com\/?p=2419"},"modified":"2024-06-28T09:51:25","modified_gmt":"2024-06-28T07:51:25","slug":"mila-segovia-pren-possessio-com-a-nova-regidora-del-partit-popular-a-la-vall-duixo","status":"publish","type":"post","link":"https:\/\/elcafedepipa.com\/index.php\/2024\/06\/28\/mila-segovia-pren-possessio-com-a-nova-regidora-del-partit-popular-a-la-vall-duixo\/","title":{"rendered":"Mila Segovia pren possessi\u00f3 com a nova regidora del Partit Popular a la Vall d&#8217;Uix\u00f3"},"content":{"rendered":"\n<p>El ple ordinari del mes de juny a l&#8217;Ajuntament de la Vall d&#8217;Uix\u00f3 va estar marcat per la presa de possessi\u00f3 de Mila&nbsp;Segovia&nbsp;com a nova regidora de la Corporaci\u00f3 Municipal.&nbsp;Segovia&nbsp;s&#8217;incorpora al grup municipal del Partit Popular despr\u00e9s de la defunci\u00f3 de Juan Antonio P\u00e9rez. &#8220;Des del Partit Popular estem conven\u00e7uts que Mila aportar\u00e0 solucions i dedicar\u00e0 el seu temps, com la resta de regidors, a la millora de la qualitat de vida dels ve\u00efns i ve\u00efnes de la Vall, treballant sempre pel benestar d&#8217;esta ciutat&#8221;, ha enaltit el portaveu del PP,&nbsp;Herminio&nbsp;Serra.<\/p>\n\n\n\n<p>Durant el mateix ple,&nbsp;Herminio&nbsp;Serra va demanar a l&#8217;alcaldessa de la ciutat,&nbsp;Tania&nbsp;Ba\u00f1os, explicacions pel&nbsp;filtrat&nbsp;d&#8217;informaci\u00f3 sensible&nbsp;per part de la responsable del seu gabinet. Serra va q\u00fcestionar l&#8217;alcaldessa sobre la filtraci\u00f3 d&#8217;informaci\u00f3 confidencial en un grup de Facebook, un fet que el PP ha denunciat i que esperen que no es repetisca.<\/p>\n\n\n\n<p>Segons Serra, una ve\u00efna de la ciutat es va queixar en un grup de Facebook que l&#8217;alcaldessa&nbsp;Tania&nbsp;Ba\u00f1os&nbsp;no l&#8217;atenia.&nbsp;Aquesta&nbsp;publicaci\u00f3 va generar diverses reaccions, i la responsable del gabinet d&#8217;alcaldia va respondre amb&nbsp;dades sensibles, fent p\u00fablic que la ve\u00efna havia sol\u00b7licitat una&nbsp;vivenda&nbsp;social i proporcionant detalls del proc\u00e9s administratiu, com el dia de registre i el dia en qu\u00e8 havia de presentar els papers. Serra ha destacat la necessitat urgent de protegir la cust\u00f2dia de les&nbsp;dades sensibles&nbsp;dels ve\u00efns de la Vall i ha lamentat la passivitat i la deixadesa de l&#8217;actual equip de govern.<\/p>\n\n\n\n<p>A m\u00e9s, el Partit Popular de la Vall va aconseguir tirar endavant en el ple una proposta per a reparar&nbsp;les senyals tur\u00edstiques&nbsp;i facilitar als turistes l&#8217;arribada al patrimoni de la ciutat. Serra ha expressat el seu agra\u00efment pel suport dels grups pol\u00edtics a&nbsp;aquesta&nbsp;proposta, que beneficiar\u00e0 tota la ciutat. &#8220;Per al PP \u00e9s molt important tra\u00e7ar un eix tur\u00edstic,&nbsp;at\u00e9s&nbsp;que venen 200.000 visitants de mitjana a l&#8217;any&#8221;, ha assenyalat Serra. Tamb\u00e9 ha destacat la import\u00e0ncia d&#8217;una senyalitzaci\u00f3 clara i actualitzada per a guiar els visitants que venen a veure el paratge dels Coves de Sant Josep cap a la ciutat.<\/p>\n","protected":false},"excerpt":{"rendered":"<p>El ple ordinari del mes de juny a l&#8217;Ajuntament de la Vall d&#8217;Uix\u00f3 va estar marcat per la presa de possessi\u00f3 de Mila&nbsp;Segovia&nbsp;com a nova regidora de la Corporaci\u00f3 Municipal.&nbsp;Segovia&nbsp;s&#8217;incorpora al grup municipal del Partit Popular despr\u00e9s de la defunci\u00f3 de Juan Antonio P\u00e9rez. &#8220;Des del Partit Popular estem conven\u00e7uts que Mila aportar\u00e0 solucions i &#8230; <a title=\"Mila Segovia pren possessi\u00f3 com a nova regidora del Partit Popular a la Vall d&#8217;Uix\u00f3\" class=\"read-more\" href=\"https:\/\/elcafedepipa.com\/index.php\/2024\/06\/28\/mila-segovia-pren-possessio-com-a-nova-regidora-del-partit-popular-a-la-vall-duixo\/\" aria-label=\"M\u00e9s informaci\u00f3 sobre Mila Segovia pren possessi\u00f3 com a nova regidora del Partit Popular a la Vall d&#8217;Uix\u00f3\">Read more<\/a><\/p>\n","protected":false},"author":2,"featured_media":0,"comment_status":"closed","ping_status":"closed","sticky":false,"template":"","format":"standard","meta":{"om_disable_all_campaigns":false,"_monsterinsights_skip_tracking":false,"_monsterinsights_sitenote_active":false,"_monsterinsights_sitenote_note":"","_monsterinsights_sitenote_category":0,"_uf_show_specific_survey":0,"_uf_disable_surveys":false,"footnotes":""},"categories":[2],"tags":[],"class_list":["post-2419","post","type-post","status-publish","format-standard","hentry","category-lavallduixo"],"_links":{"self":[{"href":"https:\/\/elcafedepipa.com\/index.php\/wp-json\/wp\/v2\/posts\/2419","targetHints":{"allow":["GET"]}}],"collection":[{"href":"https:\/\/elcafedepipa.com\/index.php\/wp-json\/wp\/v2\/posts"}],"about":[{"href":"https:\/\/elcafedepipa.com\/index.php\/wp-json\/wp\/v2\/types\/post"}],"author":[{"embeddable":true,"href":"https:\/\/elcafedepipa.com\/index.php\/wp-json\/wp\/v2\/users\/2"}],"replies":[{"embeddable":true,"href":"https:\/\/elcafedepipa.com\/index.php\/wp-json\/wp\/v2\/comments?post=2419"}],"version-history":[{"count":0,"href":"https:\/\/elcafedepipa.com\/index.php\/wp-json\/wp\/v2\/posts\/2419\/revisions"}],"wp:attachment":[{"href":"https:\/\/elcafedepipa.com\/index.php\/wp-json\/wp\/v2\/media?parent=2419"}],"wp:term":[{"taxonomy":"category","embeddable":true,"href":"https:\/\/elcafedepipa.com\/index.php\/wp-json\/wp\/v2\/categories?post=2419"},{"taxonomy":"post_tag","embeddable":true,"href":"https:\/\/elcafedepipa.com\/index.php\/wp-json\/wp\/v2\/tags?post=2419"}],"curies":[{"name":"wp","href":"https:\/\/api.w.org\/{rel}","templated":true}]}}