{"id":24084,"date":"2026-04-30T14:30:25","date_gmt":"2026-04-30T12:30:25","guid":{"rendered":"https:\/\/elcafedepipa.com\/?p=24084"},"modified":"2026-04-30T14:30:31","modified_gmt":"2026-04-30T12:30:31","slug":"moncofa-sollicita-a-hugo-moran-que-sagilitze-el-projecte-dels-espigons-del-grau","status":"publish","type":"post","link":"https:\/\/elcafedepipa.com\/index.php\/2026\/04\/30\/moncofa-sollicita-a-hugo-moran-que-sagilitze-el-projecte-dels-espigons-del-grau\/","title":{"rendered":"Moncofa sol\u00b7licita a Hugo Mor\u00e1n que s\u2019agilitze el projecte dels espigons del Grau"},"content":{"rendered":"\n<p>L&#8217;alcalde de Moncofa, Wences Al\u00f3s Valls, ha plantejat al secretari d&#8217;Estat de Medi Ambient, Hugo Mor\u00e1n, la necessitat d&#8217;agilitzar el projecte de defensa mar\u00edtima del Grau de Moncofa. El primer edil ha agra\u00eft a Mor\u00e1n l\u2019inter\u00e9s per con\u00e9ixer les obres dels espigons del cam\u00ed Cabres i ha aprofitat la seua pres\u00e8ncia per a informar-lo que \u201cla redacci\u00f3 del projecte dels espigons del Grau fa dos anys que es va adjudicar i encara no es coneix, ni tan sols, cap esborrany de l&#8217;obra\u201d.<\/p>\n\n\n\n<p>El primer edil, juntament amb la corporaci\u00f3 municipal, ha transm\u00e9s al secretari d&#8217;Estat i a la subdelegada del Govern, Antonia Garc\u00eda Valls, la import\u00e0ncia d&#8217;executar les obres previstes en el litoral sud de Castell\u00f3, unes actuacions previstes pel govern de Mariano Rajoy en 2015. De les<\/p>\n\n\n\n<p>30 actuacions previstes se n&#8217;han executat 5 i algunes d&#8217;elles amb retallades. \u201cEns agradaria que les obres avan\u00e7aren d&#8217;una manera m\u00e9s sostinguda, ferma i r\u00e0pida\u201d, ha indicat l&#8217;alcalde.<\/p>\n\n\n\n<p>L&#8217;alcalde ha recordat l&#8217;acci\u00f3 social i reivindicativa d&#8217;associacions com Espigons Ja \u2013 Platges de Moncofa, que des de fa anys est\u00e0 treballant en la defensa activa de la costa i en la protecci\u00f3 del patrimoni costaner.<\/p>\n\n\n\n<p>Wences Al\u00f3s Valls ha transm\u00e9s amb Hugo Mor\u00e1n els mateixos plantejaments que ja va realitzar en la cimera d&#8217;alcaldes de la Diputaci\u00f3 de Castell\u00f3, en la qual va lamentar que el Govern haja presentat un recurs a la llei de costes de la Generalitat Valenciana, que preveu la protecci\u00f3 dels poblats mar\u00edtims singulars, davant de les intencions del ministeri de derrocar-les. L&#8217;alcalde ha incidit que \u201cla costa es protegeix amb obres i no amb enderrocaments, es protegeix anant tots a l&#8217;una i en una direcci\u00f3, la de protegir i no la de derrocar. Les obres de defensa, en massa ocasions, venen acompanyades de partions per\u00f2 les delimitacions quasi mai s&#8217;acompanyen d&#8217;obres de defensa\u201d.<\/p>\n\n\n\n<p>L&#8217;alcalde ha instat el secretari d&#8217;Estat i a la subdelegada a continuar treballant per a protegir la costa de tota la prov\u00edncia de Castell\u00f3 \u201cperqu\u00e8 la costa s&#8217;ha d&#8217;entendre com una cosa global i estructural, nosaltres aix\u00ed ho entenem i ho traslladem\u201d.<\/p>\n","protected":false},"excerpt":{"rendered":"<p>L&#8217;alcalde de Moncofa, Wences Al\u00f3s Valls, ha plantejat al secretari d&#8217;Estat de Medi Ambient, Hugo Mor\u00e1n, la necessitat d&#8217;agilitzar el projecte de defensa mar\u00edtima del Grau de Moncofa. El primer edil ha agra\u00eft a Mor\u00e1n l\u2019inter\u00e9s per con\u00e9ixer les obres dels espigons del cam\u00ed Cabres i ha aprofitat la seua pres\u00e8ncia per a informar-lo que &#8230; <a title=\"Moncofa sol\u00b7licita a Hugo Mor\u00e1n que s\u2019agilitze el projecte dels espigons del Grau\" class=\"read-more\" href=\"https:\/\/elcafedepipa.com\/index.php\/2026\/04\/30\/moncofa-sollicita-a-hugo-moran-que-sagilitze-el-projecte-dels-espigons-del-grau\/\" aria-label=\"M\u00e9s informaci\u00f3 sobre Moncofa sol\u00b7licita a Hugo Mor\u00e1n que s\u2019agilitze el projecte dels espigons del Grau\">Read more<\/a><\/p>\n","protected":false},"author":2,"featured_media":24087,"comment_status":"closed","ping_status":"closed","sticky":false,"template":"","format":"standard","meta":{"om_disable_all_campaigns":false,"_monsterinsights_skip_tracking":false,"_monsterinsights_sitenote_active":false,"_monsterinsights_sitenote_note":"","_monsterinsights_sitenote_category":0,"_uf_show_specific_survey":0,"_uf_disable_surveys":false,"footnotes":""},"categories":[4],"tags":[],"class_list":["post-24084","post","type-post","status-publish","format-standard","has-post-thumbnail","hentry","category-moncofa"],"_links":{"self":[{"href":"https:\/\/elcafedepipa.com\/index.php\/wp-json\/wp\/v2\/posts\/24084","targetHints":{"allow":["GET"]}}],"collection":[{"href":"https:\/\/elcafedepipa.com\/index.php\/wp-json\/wp\/v2\/posts"}],"about":[{"href":"https:\/\/elcafedepipa.com\/index.php\/wp-json\/wp\/v2\/types\/post"}],"author":[{"embeddable":true,"href":"https:\/\/elcafedepipa.com\/index.php\/wp-json\/wp\/v2\/users\/2"}],"replies":[{"embeddable":true,"href":"https:\/\/elcafedepipa.com\/index.php\/wp-json\/wp\/v2\/comments?post=24084"}],"version-history":[{"count":1,"href":"https:\/\/elcafedepipa.com\/index.php\/wp-json\/wp\/v2\/posts\/24084\/revisions"}],"predecessor-version":[{"id":24088,"href":"https:\/\/elcafedepipa.com\/index.php\/wp-json\/wp\/v2\/posts\/24084\/revisions\/24088"}],"wp:featuredmedia":[{"embeddable":true,"href":"https:\/\/elcafedepipa.com\/index.php\/wp-json\/wp\/v2\/media\/24087"}],"wp:attachment":[{"href":"https:\/\/elcafedepipa.com\/index.php\/wp-json\/wp\/v2\/media?parent=24084"}],"wp:term":[{"taxonomy":"category","embeddable":true,"href":"https:\/\/elcafedepipa.com\/index.php\/wp-json\/wp\/v2\/categories?post=24084"},{"taxonomy":"post_tag","embeddable":true,"href":"https:\/\/elcafedepipa.com\/index.php\/wp-json\/wp\/v2\/tags?post=24084"}],"curies":[{"name":"wp","href":"https:\/\/api.w.org\/{rel}","templated":true}]}}